{"id":343771,"date":"2021-04-26T19:06:56","date_gmt":"2021-04-26T23:06:56","guid":{"rendered":"http:\/\/primermomento.com\/?p=343771"},"modified":"2021-04-26T19:06:58","modified_gmt":"2021-04-26T23:06:58","slug":"presidente-abinader-destaca-despegue-economia-nacional","status":"publish","type":"post","link":"https:\/\/primermomento.com\/?p=343771","title":{"rendered":"Presidente Abinader destaca despegue econom\u00eda nacional"},"content":{"rendered":"\n<p>HAINA, Rep\u00fablica Dominicana.- El presidente Luis Abinader particip\u00f3 este lunes en el acto inaugural de la planta de producci\u00f3n Jabil Healthcare Industries, que producir\u00e1, entre otros productos m\u00e9dicos, los primeros kits de pruebas PCR r\u00e1pidas producidos en el pa\u00eds para detectar el COVID-19, aprobados por la FDA.<\/p>\n\n\n\n<figure class=\"wp-block-image size-large\"><img loading=\"lazy\" decoding=\"async\" width=\"1024\" height=\"576\" src=\"http:\/\/primermomento.com\/wp-content\/uploads\/2021\/04\/Abinader-en-Haina-1024x576.jpeg\" alt=\"\" class=\"wp-image-343772\" srcset=\"https:\/\/primermomento.com\/wp-content\/uploads\/2021\/04\/Abinader-en-Haina-1024x576.jpeg 1024w, https:\/\/primermomento.com\/wp-content\/uploads\/2021\/04\/Abinader-en-Haina-300x169.jpeg 300w, https:\/\/primermomento.com\/wp-content\/uploads\/2021\/04\/Abinader-en-Haina-768x432.jpeg 768w, https:\/\/primermomento.com\/wp-content\/uploads\/2021\/04\/Abinader-en-Haina-478x270.jpeg 478w, https:\/\/primermomento.com\/wp-content\/uploads\/2021\/04\/Abinader-en-Haina-500x281.jpeg 500w, https:\/\/primermomento.com\/wp-content\/uploads\/2021\/04\/Abinader-en-Haina-280x157.jpeg 280w, https:\/\/primermomento.com\/wp-content\/uploads\/2021\/04\/Abinader-en-Haina-638x359.jpeg 638w, https:\/\/primermomento.com\/wp-content\/uploads\/2021\/04\/Abinader-en-Haina-118x66.jpeg 118w, https:\/\/primermomento.com\/wp-content\/uploads\/2021\/04\/Abinader-en-Haina-479x269.jpeg 479w, https:\/\/primermomento.com\/wp-content\/uploads\/2021\/04\/Abinader-en-Haina.jpeg 1300w\" sizes=\"auto, (max-width: 1024px) 100vw, 1024px\" \/><\/figure>\n\n\n\n<p>Las pruebas, que ser\u00e1n fabricadas en Rep\u00fablica Dominicana, se vender\u00e1n en mostrador y dar\u00e1n resultados en solo 30 minutos, ofreciendo un 98% de confiabilidad.<\/p>\n\n\n\n<p>En el acto, el presidente Abinader destac\u00f3 el despegue que experimenta la econom\u00eda dominicana, lo que se manifiesta en \u00edndices de crecimiento econ\u00f3mico y el ritmo en la creaci\u00f3n de empleos.<\/p>\n\n\n\n<p>\u201cLes puedo decir que nuestra Rep\u00fablica Dominicana camina firme por el sendero del desarrollo y la reactivaci\u00f3n econ\u00f3mica. Un trayecto marcado por las oportunidades que se abren debido al gran potencial que como pa\u00eds tenemos, pero que sin visi\u00f3n y voluntad pol\u00edtica no podr\u00edan aprovecharse como hoy lo estamos haciendo\u201d, resalt\u00f3 el mandatario.<\/p>\n\n\n\n<p>El presidente aprovech\u00f3 el escenario para citar las cifras del Banco Mundial, que proyectan un crecimiento econ\u00f3mico para la Rep\u00fablica Dominicana de 5.5%.<\/p>\n\n\n\n<p>Adem\u00e1s, sobre la industria de manufactura local que super\u00f3 sus mejores cifras de 2020 antes de los efectos de la Covid-19 en la econom\u00eda dominicana, alcanzando un 6.5% durante el mes de febrero 2021, en comparaci\u00f3n con el mismo mes en 2020, de acuerdo al Indicador Mensual de Actividad Econ\u00f3mica (IMAE) del Banco Central.<\/p>\n\n\n\n<p>Empresa Jabil Healthcare Industries fabricar\u00e1 en el pa\u00eds la primera prueba PCR r\u00e1pida para detectar COVID-19.<\/p>\n\n\n\n<p>El presidente Abinader valor\u00f3 los m\u00e1s de 500 empleos que con esta ampliaci\u00f3n de Jabil se generar\u00e1n y las oportunidades que representan para los dominicanos de trabajo.<\/p>\n\n\n\n<p>De igual forma, agradeci\u00f3 a los ejecutivos de Jabil por la confianza en el pa\u00eds para producir los dispositivos m\u00e9dicos que luego viajar\u00e1n por el mundo salvando vidas.<\/p>\n\n\n\n<p><strong>Clima confiable para la inversi\u00f3n<\/strong><\/p>\n\n\n\n<p>El presidente insisti\u00f3 en el esfuerzo que hace el Gobierno que encabeza para crear un clima de inversi\u00f3n confiable y atractivo, uniendo voluntades entre sector p\u00fablico y sector privado a trav\u00e9s de la estrategia por la industrializaci\u00f3n.<\/p>\n\n\n\n<p>Asegur\u00f3 que se busca establecer una visi\u00f3n robusta a futuro con el objetivo de transformar a Rep\u00fablica Dominicana en un Hub log\u00edstico e industrial de clase mundial.<\/p>\n\n\n\n<p>\u201cEn estos 8 meses de gobierno hemos aprobado, a trav\u00e9s del Consejo de Zonas Francas de Exportaci\u00f3n, 45 empresas de zonas francas para instalarse en el pa\u00eds o ampliar sus operaciones, es decir, el doble de las aprobadas en los primeros ocho meses del 2020 antes de que asumi\u00e9ramos el Gobierno\u201d, explic\u00f3.<\/p>\n\n\n\n<p>Y agreg\u00f3: \u201cLa Rep\u00fablica Dominicana tiene el mejor clima favorable a la inversi\u00f3n, unos s\u00f3lidos fundamentos macroecon\u00f3micos y un gobierno estable y fiable para la inversi\u00f3n\u201d.<\/p>\n\n\n\n<p>Finalizado el acto de inauguraci\u00f3n, el mandatario cort\u00f3 la cinta que deja inaugurada esta ampliaci\u00f3n, y a seguidas, hizo un recorrido por las instalaciones de la empresa, acompa\u00f1ado por los ejecutivos de Jabil, Erick Engelson y Steve Borges.<\/p>\n\n\n\n<p>Participaron en el acto, los ministros de Salud P\u00fablica, Daniel Rivera; de Trabajo, Luis Miguel de Camps.<\/p>\n\n\n\n<p>Igualmente, el director del Consejo Nacional de Zonas Francas, Daniel Liranzo; el presidente y vicepresidente del Parque Industrial Itabo (PIISA), Manuel Tavares y Samuel Conde, respectivamente; tambi\u00e9n estuvo el alcalde del municipio Bajos de Haina, Osvaldo Rodr\u00edguez.<\/p>\n\n\n\n<p><strong>Apoyo del Gobierno<\/strong><\/p>\n\n\n\n<p>De su lado, el ministro de Industria y Comercio, V\u00edctor -Ito- Bison\u00f3, valor\u00f3 la confianza y el clima industrial favorable que ofrece el pa\u00eds, as\u00ed como el apoyo que el Gobierno ofrece a la industria.<\/p>\n\n\n\n<p>\u201cLas zonas francas de la Rep\u00fablica Dominicana est\u00e1n pasando por el mejor momento de su historia. Decisiones de multinacionales de tan gran trascendencia como la que dejamos en funcionamiento el d\u00eda de hoy, reafirman que nuestro pa\u00eds est\u00e1 abierto, dispuesto y que no hay mejor destino de inversi\u00f3n en todo el continente americano\u201d, expres\u00f3 Bison\u00f3.<\/p>\n\n\n\n<p>Subray\u00f3 que bajo la gesti\u00f3n de Gobierno del presidente Abinader, seguir\u00e1n trabajando sin descanso, d\u00eda y noche, apostando al sector industrial a fines de que m\u00e1s dominicanas y dominicanos puedan seguir cumpliendo sus sue\u00f1os y garantizarle mayores oportunidades.<\/p>\n\n\n\n<p><strong>Sobre Jabil<\/strong><\/p>\n\n\n\n<p>Jabil, instalada en el Parque Industrial Itabo (PIISA), tiene presencia en m\u00e1s de 30 pa\u00edses y cuenta con m\u00e1s de 260 mil empleados a nivel mundial. En Rep\u00fablica Dominicana, la empresa decidi\u00f3 triplicar el tama\u00f1o de sus operaciones alojada en una nave de m\u00e1s de 60 mil pies cuadrados.<\/p>\n\n\n\n<p>Durante el 2020, Jabil gener\u00f3 27.3 millones de d\u00f3lares en ingresos en Rep\u00fablica Dominicana, 450 empleos que con esta ampliaci\u00f3n de Jabil se generar\u00e1n y las oportunidades que representan para los dominicanos de trabajo.<\/p>\n\n\n\n<p>De igual forma, agradeci\u00f3 a los ejecutivos de Jabil por la confianza en el pa\u00eds para producir los dispositivos m\u00e9dicos que luego viajar\u00e1n por el mundo salvando vidas.<\/p>\n","protected":false},"excerpt":{"rendered":"<p>HAINA, Rep\u00fablica Dominicana.- El presidente Luis Abinader particip\u00f3 este lunes en el acto inaugural de la planta de producci\u00f3n Jabil Healthcare Industries, que producir\u00e1, entre otros productos m\u00e9dicos, los primeros kits de pruebas PCR r\u00e1pidas producidos en el pa\u00eds para detectar el COVID-19, aprobados por la FDA. Las pruebas, que ser\u00e1n fabricadas en Rep\u00fablica Dominicana, [&hellip;]<\/p>\n","protected":false},"author":1,"featured_media":0,"comment_status":"open","ping_status":"open","sticky":false,"template":"","format":"standard","meta":{"_bbp_topic_count":0,"_bbp_reply_count":0,"_bbp_total_topic_count":0,"_bbp_total_reply_count":0,"_bbp_voice_count":0,"_bbp_anonymous_reply_count":0,"_bbp_topic_count_hidden":0,"_bbp_reply_count_hidden":0,"_bbp_forum_subforum_count":0,"footnotes":""},"categories":[35,60],"tags":[],"class_list":{"0":"post-343771","1":"post","2":"type-post","3":"status-publish","4":"format-standard","6":"category-economia","7":"category-titulares-del-dia"},"_links":{"self":[{"href":"https:\/\/primermomento.com\/index.php?rest_route=\/wp\/v2\/posts\/343771","targetHints":{"allow":["GET"]}}],"collection":[{"href":"https:\/\/primermomento.com\/index.php?rest_route=\/wp\/v2\/posts"}],"about":[{"href":"https:\/\/primermomento.com\/index.php?rest_route=\/wp\/v2\/types\/post"}],"author":[{"embeddable":true,"href":"https:\/\/primermomento.com\/index.php?rest_route=\/wp\/v2\/users\/1"}],"replies":[{"embeddable":true,"href":"https:\/\/primermomento.com\/index.php?rest_route=%2Fwp%2Fv2%2Fcomments&post=343771"}],"version-history":[{"count":1,"href":"https:\/\/primermomento.com\/index.php?rest_route=\/wp\/v2\/posts\/343771\/revisions"}],"predecessor-version":[{"id":343773,"href":"https:\/\/primermomento.com\/index.php?rest_route=\/wp\/v2\/posts\/343771\/revisions\/343773"}],"wp:attachment":[{"href":"https:\/\/primermomento.com\/index.php?rest_route=%2Fwp%2Fv2%2Fmedia&parent=343771"}],"wp:term":[{"taxonomy":"category","embeddable":true,"href":"https:\/\/primermomento.com\/index.php?rest_route=%2Fwp%2Fv2%2Fcategories&post=343771"},{"taxonomy":"post_tag","embeddable":true,"href":"https:\/\/primermomento.com\/index.php?rest_route=%2Fwp%2Fv2%2Ftags&post=343771"}],"curies":[{"name":"wp","href":"https:\/\/api.w.org\/{rel}","templated":true}]}}