{"id":343774,"date":"2021-04-26T19:09:20","date_gmt":"2021-04-26T23:09:20","guid":{"rendered":"http:\/\/primermomento.com\/?p=343774"},"modified":"2021-04-26T19:09:22","modified_gmt":"2021-04-26T23:09:22","slug":"gobierno-dominicano-anuncia-vacunacion-para-el-sector-transporte","status":"publish","type":"post","link":"https:\/\/primermomento.com\/?p=343774","title":{"rendered":"Gobierno dominicano anuncia vacunaci\u00f3n para el sector transporte"},"content":{"rendered":"\n<p>SANTO DOMINGO, Rep\u00fablica Dominicana.- En un esfuerzo mancomunado entre el Ministerio de la Presidencia, el Instituto Nacional de Tr\u00e1nsito y Transporte Terrestre (INTRANT) y el Centro Neur\u00e1lgico del Plan Nacional de Vacunaci\u00f3n, el Gobierno de la Rep\u00fablica Dominicana anuncia un nuevo acelerador dentro del Plan Nacional de Vacunaci\u00f3n contra el COVID-19, habilitando al gremio de los transportistas p\u00fablicos para ser vacunados contra el coronavirus.<\/p>\n\n\n\n<div class=\"wp-block-image\"><figure class=\"aligncenter size-large is-resized\"><img loading=\"lazy\" decoding=\"async\" src=\"http:\/\/primermomento.com\/wp-content\/uploads\/2021\/04\/MinPresidencia-y-Vicepresidenta-1024x576.jpg\" alt=\"\" class=\"wp-image-343775\" width=\"840\" height=\"472\" srcset=\"https:\/\/primermomento.com\/wp-content\/uploads\/2021\/04\/MinPresidencia-y-Vicepresidenta-1024x576.jpg 1024w, https:\/\/primermomento.com\/wp-content\/uploads\/2021\/04\/MinPresidencia-y-Vicepresidenta-300x169.jpg 300w, https:\/\/primermomento.com\/wp-content\/uploads\/2021\/04\/MinPresidencia-y-Vicepresidenta-768x432.jpg 768w, https:\/\/primermomento.com\/wp-content\/uploads\/2021\/04\/MinPresidencia-y-Vicepresidenta-478x270.jpg 478w, https:\/\/primermomento.com\/wp-content\/uploads\/2021\/04\/MinPresidencia-y-Vicepresidenta-216x120.jpg 216w, https:\/\/primermomento.com\/wp-content\/uploads\/2021\/04\/MinPresidencia-y-Vicepresidenta-500x281.jpg 500w, https:\/\/primermomento.com\/wp-content\/uploads\/2021\/04\/MinPresidencia-y-Vicepresidenta-280x157.jpg 280w, https:\/\/primermomento.com\/wp-content\/uploads\/2021\/04\/MinPresidencia-y-Vicepresidenta-638x359.jpg 638w, https:\/\/primermomento.com\/wp-content\/uploads\/2021\/04\/MinPresidencia-y-Vicepresidenta-118x66.jpg 118w, https:\/\/primermomento.com\/wp-content\/uploads\/2021\/04\/MinPresidencia-y-Vicepresidenta-479x269.jpg 479w, https:\/\/primermomento.com\/wp-content\/uploads\/2021\/04\/MinPresidencia-y-Vicepresidenta.jpg 1300w\" sizes=\"auto, (max-width: 840px) 100vw, 840px\" \/><\/figure><\/div>\n\n\n\n<p>En una reuni\u00f3n sostenida, en el despacho de la Vicepresidencia, entre Raquel Pe\u00f1a y Lisandro Macarrulla, la vicemandataria y el ministro de la Presidencia explicaron que dicha acci\u00f3n obedece al inter\u00e9s del gobierno de proteger a la poblaci\u00f3n m\u00e1s expuesta al contagio del COVID-19, adem\u00e1s de la intenci\u00f3n marcada de recuperar la normalidad social y con ello la reapertura definitiva de los procesos productivos y la reactivaci\u00f3n de la econom\u00eda nacional afectadas por la crisis sanitaria.<\/p>\n\n\n\n<p>La vacunaci\u00f3n del sector transporte iniciar\u00e1 el martes 27 de abril en el Gran Santo Domingo y ser\u00e1 ampliada a nivel nacional, a trav\u00e9s de un protocolo y convocatoria ejecutada por la Direcci\u00f3n de Transporte de Pasajeros del INTRANT, la que incluir\u00e1 a transportistas tanto de carros y guaguas p\u00fablicas como de minibuses, suscritos a las diferentes organizaciones de transporte afiliadas a las federaciones que hacen vida a nivel nacional.<\/p>\n\n\n\n<p>El ministro Macarrulla resalt\u00f3 la importancia de vacunar al sector transporte debido a que es uno de los que tiene mayor contacto con la ciudadan\u00eda.<\/p>\n\n\n\n<p>\u201cHemos tomado la decisi\u00f3n de vacunar a los choferes de transporte p\u00fablico porque entendemos que es de suma importancia que el sector transporte est\u00e9 inmunizado. Esto garantiza la mitigaci\u00f3n del virus en la poblaci\u00f3n, ya que una parte importante de los ciudadanos se trasladan en veh\u00edculos p\u00fablicos, de esta forma tambi\u00e9n protegemos a los conductores quienes son altamente vulnerables al contagio\u201d, expres\u00f3 Macarrulla.<\/p>\n\n\n\n<p>El Instituto Nacional de Tr\u00e1nsito y Transporte Terrestre se comunicar\u00e1 directamente con los representantes de las organizaciones de transporte para que suministren la lista de choferes y de la misma manera informarles el centro de vacunaci\u00f3n que corresponde a las diferentes rutas de acuerdo a su \u00e1rea de operaci\u00f3n.<\/p>\n\n\n\n<p><strong>Sobre el COVID-19<\/strong><\/p>\n\n\n\n<p>Al corte del 24 de abril del presente a\u00f1o, m\u00e1s de 980 mil personas hab\u00edan recibido por lo menos una dosis y cerca de 750 mil habitantes ya han sido completamente vacunados.<\/p>\n\n\n\n<p>El Ministerio de Salud P\u00fablica y Asistencia Social ha habilitado centros de vacunaci\u00f3n a nivel nacional para el Plan Nacional de Vacunaci\u00f3n. Para informaci\u00f3n sobre los centros disponibles se puede acceder a vacunaterd.gob.do, las 24 horas y 7 d\u00edas a la semana o llamando al *822 entre 8:00 A.M. y 8:00 P.M.<\/p>\n","protected":false},"excerpt":{"rendered":"<p>SANTO DOMINGO, Rep\u00fablica Dominicana.- En un esfuerzo mancomunado entre el Ministerio de la Presidencia, el Instituto Nacional de Tr\u00e1nsito y Transporte Terrestre (INTRANT) y el Centro Neur\u00e1lgico del Plan Nacional de Vacunaci\u00f3n, el Gobierno de la Rep\u00fablica Dominicana anuncia un nuevo acelerador dentro del Plan Nacional de Vacunaci\u00f3n contra el COVID-19, habilitando al gremio de [&hellip;]<\/p>\n","protected":false},"author":1,"featured_media":0,"comment_status":"open","ping_status":"open","sticky":false,"template":"","format":"standard","meta":{"_bbp_topic_count":0,"_bbp_reply_count":0,"_bbp_total_topic_count":0,"_bbp_total_reply_count":0,"_bbp_voice_count":0,"_bbp_anonymous_reply_count":0,"_bbp_topic_count_hidden":0,"_bbp_reply_count_hidden":0,"_bbp_forum_subforum_count":0,"footnotes":""},"categories":[30,60],"tags":[],"class_list":{"0":"post-343774","1":"post","2":"type-post","3":"status-publish","4":"format-standard","6":"category-actualidad","7":"category-titulares-del-dia"},"_links":{"self":[{"href":"https:\/\/primermomento.com\/index.php?rest_route=\/wp\/v2\/posts\/343774","targetHints":{"allow":["GET"]}}],"collection":[{"href":"https:\/\/primermomento.com\/index.php?rest_route=\/wp\/v2\/posts"}],"about":[{"href":"https:\/\/primermomento.com\/index.php?rest_route=\/wp\/v2\/types\/post"}],"author":[{"embeddable":true,"href":"https:\/\/primermomento.com\/index.php?rest_route=\/wp\/v2\/users\/1"}],"replies":[{"embeddable":true,"href":"https:\/\/primermomento.com\/index.php?rest_route=%2Fwp%2Fv2%2Fcomments&post=343774"}],"version-history":[{"count":1,"href":"https:\/\/primermomento.com\/index.php?rest_route=\/wp\/v2\/posts\/343774\/revisions"}],"predecessor-version":[{"id":343776,"href":"https:\/\/primermomento.com\/index.php?rest_route=\/wp\/v2\/posts\/343774\/revisions\/343776"}],"wp:attachment":[{"href":"https:\/\/primermomento.com\/index.php?rest_route=%2Fwp%2Fv2%2Fmedia&parent=343774"}],"wp:term":[{"taxonomy":"category","embeddable":true,"href":"https:\/\/primermomento.com\/index.php?rest_route=%2Fwp%2Fv2%2Fcategories&post=343774"},{"taxonomy":"post_tag","embeddable":true,"href":"https:\/\/primermomento.com\/index.php?rest_route=%2Fwp%2Fv2%2Ftags&post=343774"}],"curies":[{"name":"wp","href":"https:\/\/api.w.org\/{rel}","templated":true}]}}