{"id":343958,"date":"2021-04-30T20:06:49","date_gmt":"2021-05-01T00:06:49","guid":{"rendered":"http:\/\/primermomento.com\/?p=343958"},"modified":"2021-04-30T20:06:50","modified_gmt":"2021-05-01T00:06:50","slug":"exigen-a-biden-acciones-concretas-para-beneficio-de-inmigrantes","status":"publish","type":"post","link":"https:\/\/primermomento.com\/?p=343958","title":{"rendered":"Exigen a Biden acciones concretas para beneficio de inmigrantes"},"content":{"rendered":"\n<p>WASHINGTON, EEUU.- Centenares de inmigrantes sin documentos pidieron hoy al gobierno del presidente de Estados Unidos, Joe Biden, la realizaci\u00f3n de acciones concretas para poder permanecer en el pa\u00eds sin problemas.<\/p>\n\n\n\n<figure class=\"wp-block-image size-large\"><img loading=\"lazy\" decoding=\"async\" width=\"748\" height=\"498\" src=\"http:\/\/primermomento.com\/wp-content\/uploads\/2021\/04\/y-migrantes-euu.jpg\" alt=\"\" class=\"wp-image-343959\" srcset=\"https:\/\/primermomento.com\/wp-content\/uploads\/2021\/04\/y-migrantes-euu.jpg 748w, https:\/\/primermomento.com\/wp-content\/uploads\/2021\/04\/y-migrantes-euu-300x200.jpg 300w, https:\/\/primermomento.com\/wp-content\/uploads\/2021\/04\/y-migrantes-euu-73x50.jpg 73w, https:\/\/primermomento.com\/wp-content\/uploads\/2021\/04\/y-migrantes-euu-500x333.jpg 500w, https:\/\/primermomento.com\/wp-content\/uploads\/2021\/04\/y-migrantes-euu-280x186.jpg 280w, https:\/\/primermomento.com\/wp-content\/uploads\/2021\/04\/y-migrantes-euu-60x40.jpg 60w, https:\/\/primermomento.com\/wp-content\/uploads\/2021\/04\/y-migrantes-euu-638x425.jpg 638w, https:\/\/primermomento.com\/wp-content\/uploads\/2021\/04\/y-migrantes-euu-118x79.jpg 118w, https:\/\/primermomento.com\/wp-content\/uploads\/2021\/04\/y-migrantes-euu-479x319.jpg 479w\" sizes=\"auto, (max-width: 748px) 100vw, 748px\" \/><\/figure>\n\n\n\n<p>La principal demanda de los reunidos frente a la Casa Blanca estuvo relacionada con la posibilidad de realizar una reforma migratoria, seg\u00fan reportes de prensa.<\/p>\n\n\n\n<p>Papeles s\u00ed, migajas no, gritaron los participantes en la manifestaci\u00f3n, y subrayaron tambi\u00e9n que el mandatario dem\u00f3crata no ha cumplido sus promesas electorales aunque ya estuvo 100 d\u00edas en el cargo.<\/p>\n\n\n\n<p>Biden manifest\u00f3 dos d\u00edas atr\u00e1s que Estados Unidos apoya una reforma migratoria y llam\u00f3 al Congreso a actuar para concretarla.<\/p>\n\n\n\n<p>Siempre la inmigraci\u00f3n ha sido esencial para Estados Unidos, expuso el gobernante al pronunciar su primer discurso ante miembros del Senado y la C\u00e1mara de Representantes, a quienes pidi\u00f3 &#8216;poner fin a la agotadora guerra&#8217; sobre este tema.<\/p>\n\n\n\n<p>Agreg\u00f3 que, durante m\u00e1s de 30 a\u00f1os, los pol\u00edticos norteamericanos han hablado sobre la reforma migratoria, pero no han hecho nada al respecto, y &#8216;es hora de arreglarlo&#8217;, recalc\u00f3.<\/p>\n\n\n\n<p>Record\u00f3 que el mismo d\u00eda de su llegada al poder, el pasado 20 de enero, envi\u00f3 al Congreso un proyecto de ley integral de inmigraci\u00f3n, el cual incluye un camino hacia la ciudadan\u00eda para 11 millones de indocumentados y fondos destinados a mejorar la seguridad en la frontera y los puertos de entrada.<\/p>\n\n\n\n<p>Pero el jefe de Estado pareci\u00f3 reconocer que su plan genera fuertes divisiones, pues sostuvo que si el Legislativo no le da luz verde al menos deber\u00eda avalar aquellos puntos en los cuales est\u00e1n de acuerdo republicanos y dem\u00f3cratas.<\/p>\n\n\n\n<p>En ese sentido, llam\u00f3 a los miembros del Capitolio a aprobar este a\u00f1o una ley para finalmente asegurar la protecci\u00f3n de los llamados &#8216;so\u00f1adores&#8217;, nombre con el que se conoce a j\u00f3venes indocumentados tra\u00eddos a Estados Unidos durante su ni\u00f1ez.<\/p>\n\n\n\n<p>Tambi\u00e9n inst\u00f3 a adoptar protecciones permanentes para inmigrantes con estatus de protecci\u00f3n temporal que provienen de pa\u00edses golpeados por la violencia y los desastres naturales, y a ofrecer una v\u00eda hacia la ciudadan\u00eda a trabajadores agr\u00edcolas.<\/p>\n\n\n\n<p>Durante su campa\u00f1a como candidato presidencial, Biden prometi\u00f3 revertir muchas de las medidas migratorias aplicadas por su predecesor, el republicano Donald Trump (2009-2017).<\/p>\n\n\n\n<p>Con el fin de reducir la llegada de inmigrantes a Estados Unidos, Trump impuso fuertes restricciones para entrar a suelo estadounidense, separ\u00f3 a ni\u00f1os y padres, obstaculiz\u00f3 el otorgamiento de asilo, y promovi\u00f3 la edificaci\u00f3n de un muro en la frontera con M\u00e9xico, entre otras criticadas acciones.<\/p>\n\n\n\n<p class=\"has-text-align-right\"><em>PL<\/em><\/p>\n","protected":false},"excerpt":{"rendered":"<p>WASHINGTON, EEUU.- Centenares de inmigrantes sin documentos pidieron hoy al gobierno del presidente de Estados Unidos, Joe Biden, la realizaci\u00f3n de acciones concretas para poder permanecer en el pa\u00eds sin problemas. La principal demanda de los reunidos frente a la Casa Blanca estuvo relacionada con la posibilidad de realizar una reforma migratoria, seg\u00fan reportes de [&hellip;]<\/p>\n","protected":false},"author":1,"featured_media":0,"comment_status":"open","ping_status":"open","sticky":false,"template":"","format":"standard","meta":{"_bbp_topic_count":0,"_bbp_reply_count":0,"_bbp_total_topic_count":0,"_bbp_total_reply_count":0,"_bbp_voice_count":0,"_bbp_anonymous_reply_count":0,"_bbp_topic_count_hidden":0,"_bbp_reply_count_hidden":0,"_bbp_forum_subforum_count":0,"footnotes":""},"categories":[40,60],"tags":[],"class_list":{"0":"post-343958","1":"post","2":"type-post","3":"status-publish","4":"format-standard","6":"category-comunidad","7":"category-titulares-del-dia"},"_links":{"self":[{"href":"https:\/\/primermomento.com\/index.php?rest_route=\/wp\/v2\/posts\/343958","targetHints":{"allow":["GET"]}}],"collection":[{"href":"https:\/\/primermomento.com\/index.php?rest_route=\/wp\/v2\/posts"}],"about":[{"href":"https:\/\/primermomento.com\/index.php?rest_route=\/wp\/v2\/types\/post"}],"author":[{"embeddable":true,"href":"https:\/\/primermomento.com\/index.php?rest_route=\/wp\/v2\/users\/1"}],"replies":[{"embeddable":true,"href":"https:\/\/primermomento.com\/index.php?rest_route=%2Fwp%2Fv2%2Fcomments&post=343958"}],"version-history":[{"count":1,"href":"https:\/\/primermomento.com\/index.php?rest_route=\/wp\/v2\/posts\/343958\/revisions"}],"predecessor-version":[{"id":343960,"href":"https:\/\/primermomento.com\/index.php?rest_route=\/wp\/v2\/posts\/343958\/revisions\/343960"}],"wp:attachment":[{"href":"https:\/\/primermomento.com\/index.php?rest_route=%2Fwp%2Fv2%2Fmedia&parent=343958"}],"wp:term":[{"taxonomy":"category","embeddable":true,"href":"https:\/\/primermomento.com\/index.php?rest_route=%2Fwp%2Fv2%2Fcategories&post=343958"},{"taxonomy":"post_tag","embeddable":true,"href":"https:\/\/primermomento.com\/index.php?rest_route=%2Fwp%2Fv2%2Ftags&post=343958"}],"curies":[{"name":"wp","href":"https:\/\/api.w.org\/{rel}","templated":true}]}}