{"id":344039,"date":"2021-05-03T06:28:00","date_gmt":"2021-05-03T10:28:00","guid":{"rendered":"http:\/\/primermomento.com\/?p=344039"},"modified":"2021-05-03T11:33:40","modified_gmt":"2021-05-03T15:33:40","slug":"eeuu-comenzara-a-reunificar-familias-de-indocumentados","status":"publish","type":"post","link":"https:\/\/primermomento.com\/?p=344039","title":{"rendered":"EEUU comenzar\u00e1 a reunificar familias de indocumentados"},"content":{"rendered":"\n<p>WASHINGTON, EEUU.- En medio de fuertes cr\u00edticas por la crisis en la frontera con M\u00e9xico, Estados Unidos reunir\u00e1 en los pr\u00f3ximos d\u00edas a cuatro familias migrantes separadas durante la administraci\u00f3n de Donald Trump, informaron hoy fuentes oficiales.<\/p>\n\n\n\n<div class=\"wp-block-image\"><figure class=\"aligncenter size-large\"><img loading=\"lazy\" decoding=\"async\" width=\"748\" height=\"498\" src=\"http:\/\/primermomento.com\/wp-content\/uploads\/2021\/05\/eeuu-reunificacion-fami.jpg\" alt=\"\" class=\"wp-image-344040\" srcset=\"https:\/\/primermomento.com\/wp-content\/uploads\/2021\/05\/eeuu-reunificacion-fami.jpg 748w, https:\/\/primermomento.com\/wp-content\/uploads\/2021\/05\/eeuu-reunificacion-fami-300x200.jpg 300w, https:\/\/primermomento.com\/wp-content\/uploads\/2021\/05\/eeuu-reunificacion-fami-73x50.jpg 73w, https:\/\/primermomento.com\/wp-content\/uploads\/2021\/05\/eeuu-reunificacion-fami-500x333.jpg 500w, https:\/\/primermomento.com\/wp-content\/uploads\/2021\/05\/eeuu-reunificacion-fami-280x186.jpg 280w, https:\/\/primermomento.com\/wp-content\/uploads\/2021\/05\/eeuu-reunificacion-fami-60x40.jpg 60w, https:\/\/primermomento.com\/wp-content\/uploads\/2021\/05\/eeuu-reunificacion-fami-638x425.jpg 638w, https:\/\/primermomento.com\/wp-content\/uploads\/2021\/05\/eeuu-reunificacion-fami-118x79.jpg 118w, https:\/\/primermomento.com\/wp-content\/uploads\/2021\/05\/eeuu-reunificacion-fami-479x319.jpg 479w\" sizes=\"auto, (max-width: 748px) 100vw, 748px\" \/><\/figure><\/div>\n\n\n\n<p>M\u00e1s de cinco mil ni\u00f1os fueron obligados a separarse de sus padres durante la administraci\u00f3n del mandatario republicano desde el 1 de julio de 2017, muchos de ellos bajo una pol\u00edtica de &#8216;tolerancia cero&#8217; para procesar penalmente a cualquier adulto que ingresara ilegalmente al pa\u00eds.<\/p>\n\n\n\n<p>Al explicar este plan a medios de prensa estadounidenses, el secretario de Seguridad Nacional, Alejandro Mayorkas, dijo este lunes que este es apenas el comienzo de un proceso m\u00e1s amplio, en lo que expertos citados por medios de prensa califican de acto simb\u00f3lico, para cumplir una promesa de campa\u00f1a del presidente Joe Biden, quien calific\u00f3 estas separaciones como una &#8216;tragedia humana&#8217;.<\/p>\n\n\n\n<p>Las familias podr\u00e1n ingresar a Estados Unidos mediante un proceso de emergencia conocido como &#8216;libertad condicional humanitaria&#8217;, agreg\u00f3 Michelle Brane en otra intervenci\u00f3n ante la prensa.<\/p>\n\n\n\n<p>&#8216;En estos casos de los que estamos hablando esta semana, los ni\u00f1os est\u00e1n en Estados Unidos y los padres vienen a unirse a ellos&#8217;, a\u00f1adi\u00f3 Brane, quien encabeza un grupo de trabajo creado por Biden que tiene como objetivo reunir a las familias separadas.<\/p>\n\n\n\n<p>Lee Gelernt, abogado principal de la Uni\u00f3n Estadounidense por las Libertades Civiles, que demand\u00f3 a la administraci\u00f3n del expresidente Trump por la pol\u00edtica de separaciones, dijo que su organizaci\u00f3n no sab\u00eda cu\u00e1ntos ni\u00f1os permanecen aislados de sus padres, pero la cifra supera los mil.<\/p>\n\n\n\n<p>La administraci\u00f3n de Biden lidi\u00f3 en los \u00faltimos meses con un fuerte aumento en los cruces de migrantes en la frontera, incluidos menores no acompa\u00f1ados y familias con ni\u00f1os peque\u00f1os, en su mayor\u00eda de Centroam\u00e9rica.<\/p>\n\n\n\n<p>Trump, conocido por su postura de l\u00ednea dura sobre la inmigraci\u00f3n, adopt\u00f3 en la primavera de 2018 una pol\u00edtica general de &#8216;tolerancia cero&#8217; de enjuiciar a todos los que cruzan sin permiso el l\u00edmite nacional, lo que result\u00f3 en la separaci\u00f3n masiva de padres de sus hijos.<\/p>\n\n\n\n<p>El gobernante republicano revirti\u00f3 la pol\u00edtica poco despu\u00e9s en medio de una protesta internacional, pero en algunos casos, los padres fueron deportados y los ni\u00f1os permanecieron en Estados Unidos con otros parientes o patrocinadores.<\/p>\n\n\n\n<p>Tras ocupar la presidencia el 20 de enero pasado, Biden actu\u00f3 r\u00e1pidamente para revertir algunas de las pol\u00edticas de l\u00ednea dura de su antecesor en esta esfera, pero tuvo que lidiar con un aumento sin precedentes del arribo de indocumentados a la frontera entre Estados Unidos y M\u00e9xico, incluidas decenas de miles de familias y ni\u00f1os no acompa\u00f1ados, que carecen de condiciones m\u00ednimas donde est\u00e1n detenidos.<\/p>\n\n\n\n<p class=\"has-text-align-right\"><em>PL<\/em><\/p>\n","protected":false},"excerpt":{"rendered":"<p>WASHINGTON, EEUU.- En medio de fuertes cr\u00edticas por la crisis en la frontera con M\u00e9xico, Estados Unidos reunir\u00e1 en los pr\u00f3ximos d\u00edas a cuatro familias migrantes separadas durante la administraci\u00f3n de Donald Trump, informaron hoy fuentes oficiales. M\u00e1s de cinco mil ni\u00f1os fueron obligados a separarse de sus padres durante la administraci\u00f3n del mandatario republicano [&hellip;]<\/p>\n","protected":false},"author":1,"featured_media":0,"comment_status":"open","ping_status":"open","sticky":false,"template":"","format":"standard","meta":{"_bbp_topic_count":0,"_bbp_reply_count":0,"_bbp_total_topic_count":0,"_bbp_total_reply_count":0,"_bbp_voice_count":0,"_bbp_anonymous_reply_count":0,"_bbp_topic_count_hidden":0,"_bbp_reply_count_hidden":0,"_bbp_forum_subforum_count":0,"footnotes":""},"categories":[40,60],"tags":[],"class_list":{"0":"post-344039","1":"post","2":"type-post","3":"status-publish","4":"format-standard","6":"category-comunidad","7":"category-titulares-del-dia"},"_links":{"self":[{"href":"https:\/\/primermomento.com\/index.php?rest_route=\/wp\/v2\/posts\/344039","targetHints":{"allow":["GET"]}}],"collection":[{"href":"https:\/\/primermomento.com\/index.php?rest_route=\/wp\/v2\/posts"}],"about":[{"href":"https:\/\/primermomento.com\/index.php?rest_route=\/wp\/v2\/types\/post"}],"author":[{"embeddable":true,"href":"https:\/\/primermomento.com\/index.php?rest_route=\/wp\/v2\/users\/1"}],"replies":[{"embeddable":true,"href":"https:\/\/primermomento.com\/index.php?rest_route=%2Fwp%2Fv2%2Fcomments&post=344039"}],"version-history":[{"count":1,"href":"https:\/\/primermomento.com\/index.php?rest_route=\/wp\/v2\/posts\/344039\/revisions"}],"predecessor-version":[{"id":344041,"href":"https:\/\/primermomento.com\/index.php?rest_route=\/wp\/v2\/posts\/344039\/revisions\/344041"}],"wp:attachment":[{"href":"https:\/\/primermomento.com\/index.php?rest_route=%2Fwp%2Fv2%2Fmedia&parent=344039"}],"wp:term":[{"taxonomy":"category","embeddable":true,"href":"https:\/\/primermomento.com\/index.php?rest_route=%2Fwp%2Fv2%2Fcategories&post=344039"},{"taxonomy":"post_tag","embeddable":true,"href":"https:\/\/primermomento.com\/index.php?rest_route=%2Fwp%2Fv2%2Ftags&post=344039"}],"curies":[{"name":"wp","href":"https:\/\/api.w.org\/{rel}","templated":true}]}}