{"id":344129,"date":"2021-05-04T09:05:00","date_gmt":"2021-05-04T13:05:00","guid":{"rendered":"http:\/\/primermomento.com\/?p=344129"},"modified":"2021-05-04T15:09:40","modified_gmt":"2021-05-04T19:09:40","slug":"deportados-de-estados-unidos-55-exconvictos-dominicanos","status":"publish","type":"post","link":"https:\/\/primermomento.com\/?p=344129","title":{"rendered":"Deportados de Estados Unidos 55 exconvictos dominicanos"},"content":{"rendered":"\n<p>SANTO DOMINGO, Rep\u00fablica Dominicana.- Un total de 55 ciudadanos dominicanos que cumplieron condenas por diversos delitos en Estados Unidos, llegaron hoy aqu\u00ed, tras ser deportados por las autoridades de Inmigraci\u00f3n y Aduanas de esa naci\u00f3n norte\u00f1a.<\/p>\n\n\n\n<div class=\"wp-block-image\"><figure class=\"alignleft size-large\"><img loading=\"lazy\" decoding=\"async\" width=\"300\" height=\"202\" src=\"http:\/\/primermomento.com\/wp-content\/uploads\/2016\/06\/dominicanos-deportados.jpg\" alt=\"\" class=\"wp-image-277937\" srcset=\"https:\/\/primermomento.com\/wp-content\/uploads\/2016\/06\/dominicanos-deportados.jpg 300w, https:\/\/primermomento.com\/wp-content\/uploads\/2016\/06\/dominicanos-deportados-73x50.jpg 73w, https:\/\/primermomento.com\/wp-content\/uploads\/2016\/06\/dominicanos-deportados-280x189.jpg 280w, https:\/\/primermomento.com\/wp-content\/uploads\/2016\/06\/dominicanos-deportados-60x40.jpg 60w, https:\/\/primermomento.com\/wp-content\/uploads\/2016\/06\/dominicanos-deportados-118x79.jpg 118w\" sizes=\"auto, (max-width: 300px) 100vw, 300px\" \/><\/figure><\/div>\n\n\n\n<p>Los devueltos llegaron al Aeropuerto Las Americas en un avi\u00f3n fletado, y escoltados por agentes federales estadounidenses que los entregaron a oficiales de la Direcci\u00f3n General de Migraci\u00f3n, de la Polic\u00eda, Direcci\u00f3n de Drogas y del Cuerpo Especializado de Seguridad Aeroportuaria de la Aviaci\u00f3n Civil de la Rep\u00fablica Dominicana.<\/p>\n\n\n\n<p>Al llegar al aeropuerto, los deportados fueron examinados minuciosamente por las autoridades de Migraci\u00f3n y Salud P\u00fablica antes de subirlos a los \u00f3mnibus que los llevaron a un centro de la Direcci\u00f3n General de Migraci\u00f3n, ubicado en Haina, provincia sure\u00f1a de San Crist\u00f3bal.<\/p>\n\n\n\n<p class=\"has-text-align-right\"><em>PL<\/em><\/p>\n","protected":false},"excerpt":{"rendered":"<p>SANTO DOMINGO, Rep\u00fablica Dominicana.- Un total de 55 ciudadanos dominicanos que cumplieron condenas por diversos delitos en Estados Unidos, llegaron hoy aqu\u00ed, tras ser deportados por las autoridades de Inmigraci\u00f3n y Aduanas de esa naci\u00f3n norte\u00f1a. Los devueltos llegaron al Aeropuerto Las Americas en un avi\u00f3n fletado, y escoltados por agentes federales estadounidenses que los [&hellip;]<\/p>\n","protected":false},"author":1,"featured_media":0,"comment_status":"open","ping_status":"open","sticky":false,"template":"","format":"standard","meta":{"_bbp_topic_count":0,"_bbp_reply_count":0,"_bbp_total_topic_count":0,"_bbp_total_reply_count":0,"_bbp_voice_count":0,"_bbp_anonymous_reply_count":0,"_bbp_topic_count_hidden":0,"_bbp_reply_count_hidden":0,"_bbp_forum_subforum_count":0,"footnotes":""},"categories":[40,60],"tags":[],"class_list":{"0":"post-344129","1":"post","2":"type-post","3":"status-publish","4":"format-standard","6":"category-comunidad","7":"category-titulares-del-dia"},"_links":{"self":[{"href":"https:\/\/primermomento.com\/index.php?rest_route=\/wp\/v2\/posts\/344129","targetHints":{"allow":["GET"]}}],"collection":[{"href":"https:\/\/primermomento.com\/index.php?rest_route=\/wp\/v2\/posts"}],"about":[{"href":"https:\/\/primermomento.com\/index.php?rest_route=\/wp\/v2\/types\/post"}],"author":[{"embeddable":true,"href":"https:\/\/primermomento.com\/index.php?rest_route=\/wp\/v2\/users\/1"}],"replies":[{"embeddable":true,"href":"https:\/\/primermomento.com\/index.php?rest_route=%2Fwp%2Fv2%2Fcomments&post=344129"}],"version-history":[{"count":1,"href":"https:\/\/primermomento.com\/index.php?rest_route=\/wp\/v2\/posts\/344129\/revisions"}],"predecessor-version":[{"id":344130,"href":"https:\/\/primermomento.com\/index.php?rest_route=\/wp\/v2\/posts\/344129\/revisions\/344130"}],"wp:attachment":[{"href":"https:\/\/primermomento.com\/index.php?rest_route=%2Fwp%2Fv2%2Fmedia&parent=344129"}],"wp:term":[{"taxonomy":"category","embeddable":true,"href":"https:\/\/primermomento.com\/index.php?rest_route=%2Fwp%2Fv2%2Fcategories&post=344129"},{"taxonomy":"post_tag","embeddable":true,"href":"https:\/\/primermomento.com\/index.php?rest_route=%2Fwp%2Fv2%2Ftags&post=344129"}],"curies":[{"name":"wp","href":"https:\/\/api.w.org\/{rel}","templated":true}]}}