{"id":344167,"date":"2021-05-05T11:26:23","date_gmt":"2021-05-05T15:26:23","guid":{"rendered":"http:\/\/primermomento.com\/?p=344167"},"modified":"2021-05-05T11:34:59","modified_gmt":"2021-05-05T15:34:59","slug":"protestan-contra-el-padre-ricardo-fajardo-frente-a-su-iglesia-en-ny","status":"publish","type":"post","link":"https:\/\/primermomento.com\/?p=344167","title":{"rendered":"Protestan contra el padre Ricardo Fajardo frente a su Iglesia en NY"},"content":{"rendered":"\n<p>NUEVA YORK, EEUU.- Decenas de dominicanos que aseguran pertenecer a la entidad \u201cUni\u00f3n C\u00edvica\u201d protestaron el pasado fin de semana contra el padre Ricardo Fajardo, frente a su Iglesia \u201cEsp\u00edritu Santo\u201d (Holy Spirit Catholic Church) en El Bronx, por ser un pro haitiano, defensor consuetudinario y a la vez un traidor a la Rep\u00fablica Dominicana.<\/p>\n\n\n\n<div class=\"wp-block-image\"><figure class=\"aligncenter size-large\"><img loading=\"lazy\" decoding=\"async\" width=\"406\" height=\"323\" src=\"http:\/\/primermomento.com\/wp-content\/uploads\/2021\/05\/Protestan-contra-el-padre-Ricardo-Fajardo-frente-a-su-Iglesia-en-El-Bronx.jpg\" alt=\"\" class=\"wp-image-344168\" srcset=\"https:\/\/primermomento.com\/wp-content\/uploads\/2021\/05\/Protestan-contra-el-padre-Ricardo-Fajardo-frente-a-su-Iglesia-en-El-Bronx.jpg 406w, https:\/\/primermomento.com\/wp-content\/uploads\/2021\/05\/Protestan-contra-el-padre-Ricardo-Fajardo-frente-a-su-Iglesia-en-El-Bronx-300x239.jpg 300w, https:\/\/primermomento.com\/wp-content\/uploads\/2021\/05\/Protestan-contra-el-padre-Ricardo-Fajardo-frente-a-su-Iglesia-en-El-Bronx-80x63.jpg 80w, https:\/\/primermomento.com\/wp-content\/uploads\/2021\/05\/Protestan-contra-el-padre-Ricardo-Fajardo-frente-a-su-Iglesia-en-El-Bronx-277x220.jpg 277w, https:\/\/primermomento.com\/wp-content\/uploads\/2021\/05\/Protestan-contra-el-padre-Ricardo-Fajardo-frente-a-su-Iglesia-en-El-Bronx-118x94.jpg 118w\" sizes=\"auto, (max-width: 406px) 100vw, 406px\" \/><\/figure><\/div>\n\n\n\n<p>Se recuerda que hace algunas semanas, el p\u00e1rroco abog\u00f3 por la legalizaci\u00f3n de los haitianos en RD con una nueva ley migratoria, donde asegur\u00f3 que \u201ces el momento de buscar soluciones al problema dominico-haitiano, propiciando una reforma de respeto, tolerancia y legalidad, lo que permitir\u00e1 un tr\u00e1nsito legal y una sana convivencia a un mercado fluido, organizado y beneficioso para ambos pa\u00edses\u201d.<\/p>\n\n\n\n<p>Los <a href=\"https:\/\/www.youtube.com\/embed\/jRPGU3o73ec\">manifestantes lanzaban arengas<\/a>, como se puede observar en videos, en diferentes l\u00edneas, entre ellas \u201cestamos dispuestos hasta morir por la patria y tenemos presentes que donde quiera que est\u00e9n son traidores\u201d.<\/p>\n\n\n\n<p>\u201cAqu\u00ed hay un pueblo doliente de nuestros hermanos dominicanos que son violados, asesinados como animales, y tenemos un gobierno permisivo y traidor que trabaja con las ONG y las Naciones Unidas\u201d.<\/p>\n\n\n\n<p>Durante la protesta los manifestantes exhib\u00edan fotos grandes del padre Fajardo, y responsabilizan al cura de acusar a los dominicanos de maltratar a los haitianos, cuando la realidad es que nuestro pa\u00eds brinda ayuda, techo y comida a los haitianos mientras ellos van al pa\u00eds a descuartizarnos y a mocharnos la cabeza\u201d, precisaban.<\/p>\n\n\n\n<p>Los manifestantes vociferaban \u201cEl que quiera ayudar a los haitianos que se vaya para Hait\u00ed a reclamar los derechos humanos all\u00e1 y no en RD\u201d.<\/p>\n\n\n\n<p>Aseguran que \u201cEl padre est\u00e1 absurdamente opinando sobre la problem\u00e1tica m\u00e1s grande que tenemos, de todos los problemas que est\u00e1 acarreando la RD\u201d. \u201cTodo ser humano que se une a trav\u00e9s del idioma cervantino no importa de qu\u00e9 pa\u00eds sea, debe reconocer el derecho que tenemos, en defender nuestra soberan\u00eda innegociable\u201d.<\/p>\n\n\n\n<p>Durante su alocuci\u00f3n destacaron \u201cnosotros nos independizamos de Hait\u00ed y tenerlo al lado es un problema para nuestra soberan\u00eda, pero tenerlo dentro de nuestro pa\u00eds es un problema mayor\u201d. \u201cSon cientos de dominicanos, incluyendo ni\u00f1os que han sido asesinados por el machete haitiano\u201d, sentenciaron.<\/p>\n\n\n\n<p>\u201cSolo en el primer mes del gobierno del presidente Luis Abinader Corona, los haitianos asesinaron un dominicano por d\u00eda\u201d, expresaron.<\/p>\n\n\n\n<p>Durante la manifestaci\u00f3n hicieron un llamado a los dominicanos en hacer conciencia, ya que la \u201cUSAID (Agencia de EE. UU. para el Desarrollo Internacional), la Uni\u00f3n Europea, Canad\u00e1, EUA y Francia quieren la fusi\u00f3n de Hait\u00ed con RD, y eso no debe ni puede ser, porque somos culturas e idioma diferentes\u201d.&nbsp;<\/p>\n\n\n\n<p>Condenaron que mientras las dominicanas tienen que pagar en los hospitales al dar a luz las haitianas les practican el parto de manera gratuita\u201d, indicaron.<\/p>\n\n\n\n<p>Hubo un momento de tensi\u00f3n porque algunos feligreses se apostaron en la escalinata de la Iglesia y luego salieron para entablar discusiones y hacer se\u00f1alamientos opuestos al de los protestantes, sin mayores consecuencias.<\/p>\n\n\n\n<p class=\"has-text-align-right\"><em>Ram\u00f3n Mercedes<\/em><\/p>\n","protected":false},"excerpt":{"rendered":"<p>NUEVA YORK, EEUU.- Decenas de dominicanos que aseguran pertenecer a la entidad \u201cUni\u00f3n C\u00edvica\u201d protestaron el pasado fin de semana contra el padre Ricardo Fajardo, frente a su Iglesia \u201cEsp\u00edritu Santo\u201d (Holy Spirit Catholic Church) en El Bronx, por ser un pro haitiano, defensor consuetudinario y a la vez un traidor a la Rep\u00fablica Dominicana. [&hellip;]<\/p>\n","protected":false},"author":1,"featured_media":0,"comment_status":"open","ping_status":"open","sticky":false,"template":"","format":"standard","meta":{"_bbp_topic_count":0,"_bbp_reply_count":0,"_bbp_total_topic_count":0,"_bbp_total_reply_count":0,"_bbp_voice_count":0,"_bbp_anonymous_reply_count":0,"_bbp_topic_count_hidden":0,"_bbp_reply_count_hidden":0,"_bbp_forum_subforum_count":0,"footnotes":""},"categories":[40,60],"tags":[],"class_list":{"0":"post-344167","1":"post","2":"type-post","3":"status-publish","4":"format-standard","6":"category-comunidad","7":"category-titulares-del-dia"},"_links":{"self":[{"href":"https:\/\/primermomento.com\/index.php?rest_route=\/wp\/v2\/posts\/344167","targetHints":{"allow":["GET"]}}],"collection":[{"href":"https:\/\/primermomento.com\/index.php?rest_route=\/wp\/v2\/posts"}],"about":[{"href":"https:\/\/primermomento.com\/index.php?rest_route=\/wp\/v2\/types\/post"}],"author":[{"embeddable":true,"href":"https:\/\/primermomento.com\/index.php?rest_route=\/wp\/v2\/users\/1"}],"replies":[{"embeddable":true,"href":"https:\/\/primermomento.com\/index.php?rest_route=%2Fwp%2Fv2%2Fcomments&post=344167"}],"version-history":[{"count":3,"href":"https:\/\/primermomento.com\/index.php?rest_route=\/wp\/v2\/posts\/344167\/revisions"}],"predecessor-version":[{"id":344175,"href":"https:\/\/primermomento.com\/index.php?rest_route=\/wp\/v2\/posts\/344167\/revisions\/344175"}],"wp:attachment":[{"href":"https:\/\/primermomento.com\/index.php?rest_route=%2Fwp%2Fv2%2Fmedia&parent=344167"}],"wp:term":[{"taxonomy":"category","embeddable":true,"href":"https:\/\/primermomento.com\/index.php?rest_route=%2Fwp%2Fv2%2Fcategories&post=344167"},{"taxonomy":"post_tag","embeddable":true,"href":"https:\/\/primermomento.com\/index.php?rest_route=%2Fwp%2Fv2%2Ftags&post=344167"}],"curies":[{"name":"wp","href":"https:\/\/api.w.org\/{rel}","templated":true}]}}