{"id":344254,"date":"2021-05-07T11:00:46","date_gmt":"2021-05-07T15:00:46","guid":{"rendered":"http:\/\/primermomento.com\/?p=344254"},"modified":"2021-05-07T11:00:47","modified_gmt":"2021-05-07T15:00:47","slug":"dominicanos-preocupados-por-bloqueo-prohibicion-a-desalojos","status":"publish","type":"post","link":"https:\/\/primermomento.com\/?p=344254","title":{"rendered":"Dominicanos preocupados por bloqueo prohibici\u00f3n a desalojos"},"content":{"rendered":"\n<p>NUEVA YORK, EEUU.- La preocupaci\u00f3n entre dominicanos y personas de otras etnias en esta ciudad de NY aumenta, luego que la jueza federal Dabney Friedrich del Distrito de Columbia bloqueara la orden nacional que prohib\u00eda los desalojos de arrendatarios, situaci\u00f3n que deja a millones de personas frente a la posibilidad de perder sus hogares en todo el territorio estadounidense, entre ellas miles de quisqueyanos.<\/p>\n\n\n\n<div class=\"wp-block-image\"><figure class=\"aligncenter size-large\"><img loading=\"lazy\" decoding=\"async\" width=\"640\" height=\"450\" src=\"http:\/\/primermomento.com\/wp-content\/uploads\/2020\/03\/Ante-indetenible-avance-coronavirus-reitera-orientar-urgentemente-dominicanos.jpg\" alt=\"\" class=\"wp-image-325992\" srcset=\"https:\/\/primermomento.com\/wp-content\/uploads\/2020\/03\/Ante-indetenible-avance-coronavirus-reitera-orientar-urgentemente-dominicanos.jpg 640w, https:\/\/primermomento.com\/wp-content\/uploads\/2020\/03\/Ante-indetenible-avance-coronavirus-reitera-orientar-urgentemente-dominicanos-300x211.jpg 300w, https:\/\/primermomento.com\/wp-content\/uploads\/2020\/03\/Ante-indetenible-avance-coronavirus-reitera-orientar-urgentemente-dominicanos-73x50.jpg 73w, https:\/\/primermomento.com\/wp-content\/uploads\/2020\/03\/Ante-indetenible-avance-coronavirus-reitera-orientar-urgentemente-dominicanos-110x77.jpg 110w, https:\/\/primermomento.com\/wp-content\/uploads\/2020\/03\/Ante-indetenible-avance-coronavirus-reitera-orientar-urgentemente-dominicanos-500x352.jpg 500w, https:\/\/primermomento.com\/wp-content\/uploads\/2020\/03\/Ante-indetenible-avance-coronavirus-reitera-orientar-urgentemente-dominicanos-280x197.jpg 280w, https:\/\/primermomento.com\/wp-content\/uploads\/2020\/03\/Ante-indetenible-avance-coronavirus-reitera-orientar-urgentemente-dominicanos-638x449.jpg 638w, https:\/\/primermomento.com\/wp-content\/uploads\/2020\/03\/Ante-indetenible-avance-coronavirus-reitera-orientar-urgentemente-dominicanos-118x83.jpg 118w, https:\/\/primermomento.com\/wp-content\/uploads\/2020\/03\/Ante-indetenible-avance-coronavirus-reitera-orientar-urgentemente-dominicanos-479x337.jpg 479w\" sizes=\"auto, (max-width: 640px) 100vw, 640px\" \/><\/figure><\/div>\n\n\n\n<p>La magistrada determin\u00f3 que los Centros para el Control y Prevenci\u00f3n de Enfermedades no tienen la autoridad legal para imponer ese tipo de mandatos.<\/p>\n\n\n\n<p>Al menos otros dos jueces federales ya hab\u00edan cuestionado el poder de los Centros de emitir este tipo de mandatos a nivel nacional, que establecieron la moratoria en septiembre del 2020 y ha sido extendida en varias ocasiones desde entonces.<\/p>\n\n\n\n<p>Asimismo, desde el pasado mi\u00e9rcoles la Junta de Pautas de Alquiler contempla el aumento de la renta estabilizada a 1 mill\u00f3n 400 mil inquilinos, entre ellos miles de dominicanos, en la Gran Manzana y el pr\u00f3ximo 23 de junio se determinar\u00e1 en un voto oficial si el incremento se hace efectivo o no.<\/p>\n\n\n\n<p>La Rent Stabilization Association, que representa a 25.000 propietarios en los cinco condados, hab\u00eda pedido a la Junta aumentos de entre el 2% y el 4% en los arrendamientos de un a\u00f1o y del 3% al 5% en los arrendamientos de dos a\u00f1os.<\/p>\n\n\n\n<p>Ante la situaci\u00f3n, Adriene Holder abogada en The Legal Aid Society expres\u00f3: \u201cNuestros clientes en unidades de renta regulada todav\u00eda no se recuperan de la devastaci\u00f3n econ\u00f3mica que ha causado el Covid-19, y no se ve una recuperaci\u00f3n en el futuro previsible. Muchos neoyorquinos est\u00e1n desempleados, mientras que otros luchan por ponerse al d\u00eda con el alquiler\u201d, dijo.<\/p>\n\n\n\n<p>\u201cLa Junta de Pautas de Alquiler debe asegurarse de que la votaci\u00f3n final de junio contin\u00fae congelando los alquileres tanto para contratos de arrendamiento de uno como de dos a\u00f1os. Este no es el momento de aumentar los alquileres, en especial para algunos de los inquilinos m\u00e1s vulnerables de la Ciudad\u201d, precis\u00f3 Holder.<\/p>\n\n\n\n<p class=\"has-text-align-right\"><em>Ram\u00f3n Mercedes<\/em><\/p>\n","protected":false},"excerpt":{"rendered":"<p>NUEVA YORK, EEUU.- La preocupaci\u00f3n entre dominicanos y personas de otras etnias en esta ciudad de NY aumenta, luego que la jueza federal Dabney Friedrich del Distrito de Columbia bloqueara la orden nacional que prohib\u00eda los desalojos de arrendatarios, situaci\u00f3n que deja a millones de personas frente a la posibilidad de perder sus hogares en [&hellip;]<\/p>\n","protected":false},"author":1,"featured_media":0,"comment_status":"open","ping_status":"open","sticky":false,"template":"","format":"standard","meta":{"_bbp_topic_count":0,"_bbp_reply_count":0,"_bbp_total_topic_count":0,"_bbp_total_reply_count":0,"_bbp_voice_count":0,"_bbp_anonymous_reply_count":0,"_bbp_topic_count_hidden":0,"_bbp_reply_count_hidden":0,"_bbp_forum_subforum_count":0,"footnotes":""},"categories":[40,60],"tags":[],"class_list":{"0":"post-344254","1":"post","2":"type-post","3":"status-publish","4":"format-standard","6":"category-comunidad","7":"category-titulares-del-dia"},"_links":{"self":[{"href":"https:\/\/primermomento.com\/index.php?rest_route=\/wp\/v2\/posts\/344254","targetHints":{"allow":["GET"]}}],"collection":[{"href":"https:\/\/primermomento.com\/index.php?rest_route=\/wp\/v2\/posts"}],"about":[{"href":"https:\/\/primermomento.com\/index.php?rest_route=\/wp\/v2\/types\/post"}],"author":[{"embeddable":true,"href":"https:\/\/primermomento.com\/index.php?rest_route=\/wp\/v2\/users\/1"}],"replies":[{"embeddable":true,"href":"https:\/\/primermomento.com\/index.php?rest_route=%2Fwp%2Fv2%2Fcomments&post=344254"}],"version-history":[{"count":1,"href":"https:\/\/primermomento.com\/index.php?rest_route=\/wp\/v2\/posts\/344254\/revisions"}],"predecessor-version":[{"id":344255,"href":"https:\/\/primermomento.com\/index.php?rest_route=\/wp\/v2\/posts\/344254\/revisions\/344255"}],"wp:attachment":[{"href":"https:\/\/primermomento.com\/index.php?rest_route=%2Fwp%2Fv2%2Fmedia&parent=344254"}],"wp:term":[{"taxonomy":"category","embeddable":true,"href":"https:\/\/primermomento.com\/index.php?rest_route=%2Fwp%2Fv2%2Fcategories&post=344254"},{"taxonomy":"post_tag","embeddable":true,"href":"https:\/\/primermomento.com\/index.php?rest_route=%2Fwp%2Fv2%2Ftags&post=344254"}],"curies":[{"name":"wp","href":"https:\/\/api.w.org\/{rel}","templated":true}]}}