{"id":344320,"date":"2021-05-08T20:50:52","date_gmt":"2021-05-09T00:50:52","guid":{"rendered":"http:\/\/primermomento.com\/?p=344320"},"modified":"2021-05-08T20:50:53","modified_gmt":"2021-05-09T00:50:53","slug":"casi-500-menores-migrantes-en-eeuu-desconocen-paradero-de-padres","status":"publish","type":"post","link":"https:\/\/primermomento.com\/?p=344320","title":{"rendered":"Casi 500 menores migrantes en EEUU desconocen paradero de padres"},"content":{"rendered":"\n<p>WASHINGTON, EEUU.- Casi medio millar de menores en Estados Unidos siguen hoy sin conocer el paradero de sus familiares tras la separaci\u00f3n impuesta hace m\u00e1s de tres a\u00f1os por la pol\u00edtica migratoria tolerancia cero del expresidente Donald Trump.<\/p>\n\n\n\n<div class=\"wp-block-image\"><figure class=\"aligncenter size-large\"><img loading=\"lazy\" decoding=\"async\" width=\"748\" height=\"498\" src=\"http:\/\/primermomento.com\/wp-content\/uploads\/2021\/05\/OTFniosmigrantes.jpg\" alt=\"\" class=\"wp-image-344321\" srcset=\"https:\/\/primermomento.com\/wp-content\/uploads\/2021\/05\/OTFniosmigrantes.jpg 748w, https:\/\/primermomento.com\/wp-content\/uploads\/2021\/05\/OTFniosmigrantes-300x200.jpg 300w, https:\/\/primermomento.com\/wp-content\/uploads\/2021\/05\/OTFniosmigrantes-73x50.jpg 73w, https:\/\/primermomento.com\/wp-content\/uploads\/2021\/05\/OTFniosmigrantes-500x333.jpg 500w, https:\/\/primermomento.com\/wp-content\/uploads\/2021\/05\/OTFniosmigrantes-280x186.jpg 280w, https:\/\/primermomento.com\/wp-content\/uploads\/2021\/05\/OTFniosmigrantes-60x40.jpg 60w, https:\/\/primermomento.com\/wp-content\/uploads\/2021\/05\/OTFniosmigrantes-638x425.jpg 638w, https:\/\/primermomento.com\/wp-content\/uploads\/2021\/05\/OTFniosmigrantes-118x79.jpg 118w, https:\/\/primermomento.com\/wp-content\/uploads\/2021\/05\/OTFniosmigrantes-479x319.jpg 479w\" sizes=\"auto, (max-width: 748px) 100vw, 748px\" \/><\/figure><\/div>\n\n\n\n<p>&#8216;No hemos podido encontrar a las familias de 455 ni\u00f1os y ni\u00f1as&#8217;, afirm\u00f3 Lee Gelernt, subdirector del Proyecto de Derechos Migratorios de la Uni\u00f3n Estadounidense por las Libertades Civiles (ACLU).<\/p>\n\n\n\n<p>En charla con Democracy Now, el abogado principal en la demanda judicial radicada por la ACLU en este caso, subray\u00f3 que en total m\u00e1s de mil menores permanecen en territorio nacional separados de sus padres.<\/p>\n\n\n\n<p>Esta semana, cuatro madres de Honduras, Guatemala y M\u00e9xico se reunieron con sus hijos en Estados Unidos, las primeras que logran el a\u00f1orado reencuentro aqu\u00ed desde que el gobierno de Joe Biden inici\u00f3 el proceso de reunificaci\u00f3n.<\/p>\n\n\n\n<p>Pero si bien es conmovedor &#8216;debemos tener presente c\u00f3mo se lleg\u00f3 a esta situaci\u00f3n, y que estamos hablando de algo que nunca debi\u00f3 ocurrir&#8217;, expres\u00f3 Carol Anne Donohoe, abogada del Proyecto de Reunificaci\u00f3n Familiar de la organizaci\u00f3n Al Otro Lado (The Other Side).<\/p>\n\n\n\n<p>Cierto que es el fin de una pesadilla y el comienzo de un sue\u00f1o, la culminaci\u00f3n de a\u00f1os de trauma, coment\u00f3 Donohoe al insistir en todo lo que tendr\u00e1n que superar los afectados para sanar sus heridas.<\/p>\n\n\n\n<p>Tal es el caso del mexicano Bryan Ch\u00e1vez, de 18 a\u00f1os, quien volvi\u00f3 a ver a su madre, Sandra Ort\u00edz, 42 meses y cuatro d\u00edas despu\u00e9s de que fueron separados.<\/p>\n\n\n\n<p>Las \u00faltimas palabras que escuch\u00f3 Ort\u00edz antes de que los agentes de Aduanas y Protecci\u00f3n Fronteriza la deportaran a M\u00e9xico en 2017 fueron &#8216;desp\u00eddete de tu hijo porque no lo volver\u00e1s a ver&#8217;.<\/p>\n\n\n\n<p>The Other Side dijo adem\u00e1s que el Departamento de Seguridad Nacional nada hizo para facilitar este regreso y que fueron grupos afines los que negociaron las visas de viaje, pagaron los boletos de avi\u00f3n y organizaron realmente las uniones.<\/p>\n\n\n\n<p>De acuerdo con una de sus promesas de campa\u00f1a, Biden firm\u00f3 en su primer d\u00eda en la Casa Blanca una moratoria sobre la deportaci\u00f3n de migrantes indocumentados que llegaron a Estados Unidos antes del 1 de noviembre de 2020.<\/p>\n\n\n\n<p>As\u00ed el dem\u00f3crata dio el paso inicial para echar atr\u00e1s y desmarcarse de esta criticada pol\u00edtica de su predecesor.<\/p>\n\n\n\n<p class=\"has-text-align-right\"><em>PL<\/em><\/p>\n","protected":false},"excerpt":{"rendered":"<p>WASHINGTON, EEUU.- Casi medio millar de menores en Estados Unidos siguen hoy sin conocer el paradero de sus familiares tras la separaci\u00f3n impuesta hace m\u00e1s de tres a\u00f1os por la pol\u00edtica migratoria tolerancia cero del expresidente Donald Trump. &#8216;No hemos podido encontrar a las familias de 455 ni\u00f1os y ni\u00f1as&#8217;, afirm\u00f3 Lee Gelernt, subdirector del [&hellip;]<\/p>\n","protected":false},"author":1,"featured_media":0,"comment_status":"open","ping_status":"open","sticky":false,"template":"","format":"standard","meta":{"_bbp_topic_count":0,"_bbp_reply_count":0,"_bbp_total_topic_count":0,"_bbp_total_reply_count":0,"_bbp_voice_count":0,"_bbp_anonymous_reply_count":0,"_bbp_topic_count_hidden":0,"_bbp_reply_count_hidden":0,"_bbp_forum_subforum_count":0,"footnotes":""},"categories":[40,60],"tags":[],"class_list":{"0":"post-344320","1":"post","2":"type-post","3":"status-publish","4":"format-standard","6":"category-comunidad","7":"category-titulares-del-dia"},"_links":{"self":[{"href":"https:\/\/primermomento.com\/index.php?rest_route=\/wp\/v2\/posts\/344320","targetHints":{"allow":["GET"]}}],"collection":[{"href":"https:\/\/primermomento.com\/index.php?rest_route=\/wp\/v2\/posts"}],"about":[{"href":"https:\/\/primermomento.com\/index.php?rest_route=\/wp\/v2\/types\/post"}],"author":[{"embeddable":true,"href":"https:\/\/primermomento.com\/index.php?rest_route=\/wp\/v2\/users\/1"}],"replies":[{"embeddable":true,"href":"https:\/\/primermomento.com\/index.php?rest_route=%2Fwp%2Fv2%2Fcomments&post=344320"}],"version-history":[{"count":1,"href":"https:\/\/primermomento.com\/index.php?rest_route=\/wp\/v2\/posts\/344320\/revisions"}],"predecessor-version":[{"id":344322,"href":"https:\/\/primermomento.com\/index.php?rest_route=\/wp\/v2\/posts\/344320\/revisions\/344322"}],"wp:attachment":[{"href":"https:\/\/primermomento.com\/index.php?rest_route=%2Fwp%2Fv2%2Fmedia&parent=344320"}],"wp:term":[{"taxonomy":"category","embeddable":true,"href":"https:\/\/primermomento.com\/index.php?rest_route=%2Fwp%2Fv2%2Fcategories&post=344320"},{"taxonomy":"post_tag","embeddable":true,"href":"https:\/\/primermomento.com\/index.php?rest_route=%2Fwp%2Fv2%2Ftags&post=344320"}],"curies":[{"name":"wp","href":"https:\/\/api.w.org\/{rel}","templated":true}]}}