{"id":344359,"date":"2021-05-10T08:31:00","date_gmt":"2021-05-10T12:31:00","guid":{"rendered":"http:\/\/primermomento.com\/?p=344359"},"modified":"2021-05-10T12:33:58","modified_gmt":"2021-05-10T16:33:58","slug":"dominicanos-en-ny-lamentan-acusacion-contra-padre-fajardo","status":"publish","type":"post","link":"https:\/\/primermomento.com\/?p=344359","title":{"rendered":"Dominicanos en NY lamentan acusaci\u00f3n contra padre Fajardo"},"content":{"rendered":"\n<p>NUEVA YORK, EEUU.- Dominicanos en esta ciudad comentan y hablan por doquier sobre la acusaci\u00f3n contra el padre quisqueyano Ricardo Fajardo por supuesto abuso sexual infantil en la d\u00e9cada de los 90.\u00a0<\/p>\n\n\n\n<div class=\"wp-block-image\"><figure class=\"aligncenter size-large\"><img loading=\"lazy\" decoding=\"async\" width=\"605\" height=\"415\" src=\"http:\/\/primermomento.com\/wp-content\/uploads\/2021\/05\/Dominicanos-NY-lamentan-acusacion-contra-padre-Fajardo.jpg\" alt=\"\" class=\"wp-image-344360\" srcset=\"https:\/\/primermomento.com\/wp-content\/uploads\/2021\/05\/Dominicanos-NY-lamentan-acusacion-contra-padre-Fajardo.jpg 605w, https:\/\/primermomento.com\/wp-content\/uploads\/2021\/05\/Dominicanos-NY-lamentan-acusacion-contra-padre-Fajardo-300x206.jpg 300w, https:\/\/primermomento.com\/wp-content\/uploads\/2021\/05\/Dominicanos-NY-lamentan-acusacion-contra-padre-Fajardo-73x50.jpg 73w, https:\/\/primermomento.com\/wp-content\/uploads\/2021\/05\/Dominicanos-NY-lamentan-acusacion-contra-padre-Fajardo-500x343.jpg 500w, https:\/\/primermomento.com\/wp-content\/uploads\/2021\/05\/Dominicanos-NY-lamentan-acusacion-contra-padre-Fajardo-280x192.jpg 280w, https:\/\/primermomento.com\/wp-content\/uploads\/2021\/05\/Dominicanos-NY-lamentan-acusacion-contra-padre-Fajardo-60x40.jpg 60w, https:\/\/primermomento.com\/wp-content\/uploads\/2021\/05\/Dominicanos-NY-lamentan-acusacion-contra-padre-Fajardo-118x81.jpg 118w, https:\/\/primermomento.com\/wp-content\/uploads\/2021\/05\/Dominicanos-NY-lamentan-acusacion-contra-padre-Fajardo-479x329.jpg 479w\" sizes=\"auto, (max-width: 605px) 100vw, 605px\" \/><\/figure><\/div>\n\n\n\n<p>La prensa hispana se ha hecho eco de la noticia y muchos dominicanos mientras se lamentan dicen que hay que esperar los resultados de la investigaci\u00f3n.<\/p>\n\n\n\n<p>Fajardo, era el p\u00e1rroco de la iglesia cat\u00f3lica \u201cEsp\u00edritu Santo\u201d en El Bronx, donde la mayor\u00eda de sus feligreses son del pa\u00eds caribe\u00f1o.<\/p>\n\n\n\n<p>Seg\u00fan el portal Catholic New York, se ha presentado una demanda en virtud de la Ley de V\u00edctimas Infantiles, y la acusaci\u00f3n se ha compartido con los fiscales de Manhattan y El Bronx.<\/p>\n\n\n\n<p>En una carta del 28 de abril pasado a los feligreses, el obispo auxiliar Edmund J. Whalen, vicario del clero, expresa: \u201cAunque sin duda encontrar\u00e1 esta noticia perturbadora, como a m\u00ed, s\u00e9 que preferir\u00eda escucharla directamente de m\u00ed, y no de los medios de comunicaci\u00f3n\u201d.<\/p>\n\n\n\n<p>El obispo dijo que el padre Fajardo ha negado la acusaci\u00f3n, \u201cy, por supuesto, se le considera inocente, pero acord\u00f3 hacerse a un lado mientras se investiga el asunto\u201d.<\/p>\n\n\n\n<p>Whalen solicit\u00f3 de los feligreses \u00aborar tanto por la persona que present\u00f3 esta acusaci\u00f3n como por el padre\u201d.<\/p>\n\n\n\n<p>El p\u00e1rroco Eric Cruz, director regional de Caridades Cat\u00f3licas en El Bronx, lo ha sustituido, declinando hablar diciendo no estar autorizado por la arquidi\u00f3cesis. Se ha informado, extraoficialmente, que Fajardo se encuentra en una casa curial en Yonkers por orden de la propia la iglesia.<\/p>\n\n\n\n<p>Desde el 20 de julio de 2020, el bufete de abogado Horowitz Law, ubicado en el 110 de East Broward Blvd, Suite 1850, en Fort Lauderdale, FL 33301 (1-888-283-9922) mantiene en su portal la imagen de Fajardo con el sub t\u00edtulo \u201cResumen de las acusaciones de abuso sexual contra el padre Ricardo Fajardo\u201d:&nbsp;<strong>Ver:<\/strong>&nbsp;<a href=\"https:\/\/adamhorowitzlaw.com\/fr-ricardo-fajardo-archdiocese-of-new-york\/\" rel=\"noreferrer noopener\" target=\"_blank\">https:\/\/adamhorowitzlaw.com\/fr-ricardo-fajardo-archdiocese-of-new-york\/<\/a>.<\/p>\n\n\n\n<p>Destaca lo siguiente: \u201cEn 2019, se present\u00f3 una demanda contra el P. Ricardo Fajardo por una mujer de Nueva York que aleg\u00f3 que el padre Ricardo Fajardo abus\u00f3 sexualmente de ella cuando era menor de edad en 1999\u201d.<\/p>\n\n\n\n<p>\u201cAhora de 37 a\u00f1os, la v\u00edctima afirma que el p. Fajardo estaba sirviendo en St. Catherine of G\u00e9nova en Manhattan cuando se ofreci\u00f3 a llevarla, la llev\u00f3 de regreso a la rector\u00eda de la iglesia y la invit\u00f3 a acostarse en su cama. Ella dice que le dio alcohol, la toc\u00f3, bes\u00f3, y luego la viol\u00f3, seg\u00fan la demanda\u201d.<\/p>\n\n\n\n<p>\u201cLa v\u00edctima afirma que Fajardo \u00abus\u00f3 su posici\u00f3n como un l\u00edder religioso digno para congraciarse con su familia como una persona respetada y de confianza\u00bb, el caso a\u00fan est\u00e1 pendiente, finaliza.<\/p>\n\n\n\n<p>En 2018, la Di\u00f3cesis de Brooklyn-NY pact\u00f3 una de las compensaciones m\u00e1s altas a v\u00edctimas de abusos sexuales en Estados Unidos, al desembolsar 27,5 millones de d\u00f3lares a cuatro j\u00f3venes que, cuando eran ni\u00f1os, sufrieron los abusos de un profesor laico contratado por la parroquia de St. Lucy-St. Patrick.<\/p>\n\n\n\n<p class=\"has-text-align-right\"><em>Ram\u00f3n Mercedes<\/em><\/p>\n","protected":false},"excerpt":{"rendered":"<p>NUEVA YORK, EEUU.- Dominicanos en esta ciudad comentan y hablan por doquier sobre la acusaci\u00f3n contra el padre quisqueyano Ricardo Fajardo por supuesto abuso sexual infantil en la d\u00e9cada de los 90.\u00a0 La prensa hispana se ha hecho eco de la noticia y muchos dominicanos mientras se lamentan dicen que hay que esperar los resultados [&hellip;]<\/p>\n","protected":false},"author":1,"featured_media":0,"comment_status":"open","ping_status":"open","sticky":false,"template":"","format":"standard","meta":{"_bbp_topic_count":0,"_bbp_reply_count":0,"_bbp_total_topic_count":0,"_bbp_total_reply_count":0,"_bbp_voice_count":0,"_bbp_anonymous_reply_count":0,"_bbp_topic_count_hidden":0,"_bbp_reply_count_hidden":0,"_bbp_forum_subforum_count":0,"footnotes":""},"categories":[40,60],"tags":[],"class_list":{"0":"post-344359","1":"post","2":"type-post","3":"status-publish","4":"format-standard","6":"category-comunidad","7":"category-titulares-del-dia"},"_links":{"self":[{"href":"https:\/\/primermomento.com\/index.php?rest_route=\/wp\/v2\/posts\/344359","targetHints":{"allow":["GET"]}}],"collection":[{"href":"https:\/\/primermomento.com\/index.php?rest_route=\/wp\/v2\/posts"}],"about":[{"href":"https:\/\/primermomento.com\/index.php?rest_route=\/wp\/v2\/types\/post"}],"author":[{"embeddable":true,"href":"https:\/\/primermomento.com\/index.php?rest_route=\/wp\/v2\/users\/1"}],"replies":[{"embeddable":true,"href":"https:\/\/primermomento.com\/index.php?rest_route=%2Fwp%2Fv2%2Fcomments&post=344359"}],"version-history":[{"count":1,"href":"https:\/\/primermomento.com\/index.php?rest_route=\/wp\/v2\/posts\/344359\/revisions"}],"predecessor-version":[{"id":344361,"href":"https:\/\/primermomento.com\/index.php?rest_route=\/wp\/v2\/posts\/344359\/revisions\/344361"}],"wp:attachment":[{"href":"https:\/\/primermomento.com\/index.php?rest_route=%2Fwp%2Fv2%2Fmedia&parent=344359"}],"wp:term":[{"taxonomy":"category","embeddable":true,"href":"https:\/\/primermomento.com\/index.php?rest_route=%2Fwp%2Fv2%2Fcategories&post=344359"},{"taxonomy":"post_tag","embeddable":true,"href":"https:\/\/primermomento.com\/index.php?rest_route=%2Fwp%2Fv2%2Ftags&post=344359"}],"curies":[{"name":"wp","href":"https:\/\/api.w.org\/{rel}","templated":true}]}}