{"id":344965,"date":"2021-05-24T10:13:00","date_gmt":"2021-05-24T14:13:00","guid":{"rendered":"http:\/\/primermomento.com\/?p=344965"},"modified":"2021-05-24T15:54:43","modified_gmt":"2021-05-24T19:54:43","slug":"comenzaran-en-septiembre-clases-presenciales-en-nueva-york-eeuu","status":"publish","type":"post","link":"https:\/\/primermomento.com\/?p=344965","title":{"rendered":"Comenzar\u00e1n en septiembre clases presenciales en Nueva York, EEUU"},"content":{"rendered":"\n<p>NUEVA YORK, EEUU.- El alcalde de la ciudad estadounidense de Nueva York, el dem\u00f3crata Bill de Blasio, dijo hoy que las escuelas de esa urbe reabrir\u00edan completamente en septiembre para el aprendizaje en persona a tiempo completo.<\/p>\n\n\n\n<div class=\"wp-block-image\"><figure class=\"aligncenter size-large\"><img loading=\"lazy\" decoding=\"async\" width=\"624\" height=\"352\" src=\"http:\/\/primermomento.com\/wp-content\/uploads\/2016\/08\/Bill-de-Blasio1.jpg\" alt=\"\" class=\"wp-image-280239\" srcset=\"https:\/\/primermomento.com\/wp-content\/uploads\/2016\/08\/Bill-de-Blasio1.jpg 624w, https:\/\/primermomento.com\/wp-content\/uploads\/2016\/08\/Bill-de-Blasio1-300x169.jpg 300w, https:\/\/primermomento.com\/wp-content\/uploads\/2016\/08\/Bill-de-Blasio1-478x270.jpg 478w, https:\/\/primermomento.com\/wp-content\/uploads\/2016\/08\/Bill-de-Blasio1-500x282.jpg 500w, https:\/\/primermomento.com\/wp-content\/uploads\/2016\/08\/Bill-de-Blasio1-280x158.jpg 280w, https:\/\/primermomento.com\/wp-content\/uploads\/2016\/08\/Bill-de-Blasio1-118x67.jpg 118w, https:\/\/primermomento.com\/wp-content\/uploads\/2016\/08\/Bill-de-Blasio1-479x270.jpg 479w\" sizes=\"auto, (max-width: 624px) 100vw, 624px\" \/><figcaption><em> Bill de Blasio.<\/em><\/figcaption><\/figure><\/div>\n\n\n\n<p>Son buenas noticias, un mill\u00f3n de ni\u00f1os de las escuelas p\u00fablicas de la ciudad de Nueva York, el distrito escolar m\u00e1s grande del pa\u00eds, volver\u00e1 a sus aulas este oto\u00f1o, todo en persona, sin educaci\u00f3n a distancia, agreg\u00f3 de Blasio durante una entrevista en el programa Morning Joe, de la cadena MSNBC<\/p>\n\n\n\n<p>Los centros de ense\u00f1anza secundaria de la urbe reabrieron en marzo por primera vez para estudiantes y padres que optaron por la instrucci\u00f3n presencial, tras su cierre en noviembre pasado, en medio de un aumento en los casos de Covid-19, mientras los bares y restaurantes permanec\u00edan parcialmente abiertos.<\/p>\n\n\n\n<p>La medida provoc\u00f3 cr\u00edticas, y algunos se\u00f1alaron que esa fue una orientaci\u00f3n poco clara de los Centros para el Control y la Prevenci\u00f3n de Enfermedades.<\/p>\n\n\n\n<p>La ciudad levant\u00f3 recientemente la mayor\u00eda de los l\u00edmites de capacidad para las empresas, mientras los funcionarios de salud federales revocaron las pautas de uso de mascarillas para los estadounidenses completamente vacunados.<\/p>\n\n\n\n<p>Seg\u00fan estad\u00edsticas del diario The New York Times, alrededor del 55 por ciento de los adultos en la ciudad recibieron al menos una dosis de un f\u00e1rmaco contra la Covid-19, y el 41 por ciento de ellos ya est\u00e1n completamente inmunizados.<\/p>\n\n\n\n<p>A principios de mayo el senador dem\u00f3crata estadounidense por Nueva York Chuck Schumer exigi\u00f3 a las autoridades de la Gran Manzana que levantaran las restricciones para combatir la pandemia.<\/p>\n\n\n\n<p>De Blasio anunci\u00f3 la semana pasada que la urbe neoyorquina deber\u00eda &#8216;reabrir completamente&#8217;, incluyendo el funcionamiento del metro, antes del 1 de julio, pero la Autoridad de Transporte Metropolitano est\u00e1 controlada por funcionarios del estado.<\/p>\n\n\n\n<p>Actualmente en Nueva York el n\u00famero de muertos por Covid-19 rebasa los 53 mil 400, mientras el total de contagios desde que comenz\u00f3 la pandemia es superior a los dos millones 145 mil 990, seg\u00fan el portal digital Worldometers.<\/p>\n\n\n\n<p class=\"has-text-align-right\"><em>PL<\/em><\/p>\n","protected":false},"excerpt":{"rendered":"<p>NUEVA YORK, EEUU.- El alcalde de la ciudad estadounidense de Nueva York, el dem\u00f3crata Bill de Blasio, dijo hoy que las escuelas de esa urbe reabrir\u00edan completamente en septiembre para el aprendizaje en persona a tiempo completo. Son buenas noticias, un mill\u00f3n de ni\u00f1os de las escuelas p\u00fablicas de la ciudad de Nueva York, el [&hellip;]<\/p>\n","protected":false},"author":1,"featured_media":0,"comment_status":"open","ping_status":"open","sticky":false,"template":"","format":"standard","meta":{"_bbp_topic_count":0,"_bbp_reply_count":0,"_bbp_total_topic_count":0,"_bbp_total_reply_count":0,"_bbp_voice_count":0,"_bbp_anonymous_reply_count":0,"_bbp_topic_count_hidden":0,"_bbp_reply_count_hidden":0,"_bbp_forum_subforum_count":0,"footnotes":""},"categories":[40,60],"tags":[],"class_list":{"0":"post-344965","1":"post","2":"type-post","3":"status-publish","4":"format-standard","6":"category-comunidad","7":"category-titulares-del-dia"},"_links":{"self":[{"href":"https:\/\/primermomento.com\/index.php?rest_route=\/wp\/v2\/posts\/344965","targetHints":{"allow":["GET"]}}],"collection":[{"href":"https:\/\/primermomento.com\/index.php?rest_route=\/wp\/v2\/posts"}],"about":[{"href":"https:\/\/primermomento.com\/index.php?rest_route=\/wp\/v2\/types\/post"}],"author":[{"embeddable":true,"href":"https:\/\/primermomento.com\/index.php?rest_route=\/wp\/v2\/users\/1"}],"replies":[{"embeddable":true,"href":"https:\/\/primermomento.com\/index.php?rest_route=%2Fwp%2Fv2%2Fcomments&post=344965"}],"version-history":[{"count":1,"href":"https:\/\/primermomento.com\/index.php?rest_route=\/wp\/v2\/posts\/344965\/revisions"}],"predecessor-version":[{"id":344966,"href":"https:\/\/primermomento.com\/index.php?rest_route=\/wp\/v2\/posts\/344965\/revisions\/344966"}],"wp:attachment":[{"href":"https:\/\/primermomento.com\/index.php?rest_route=%2Fwp%2Fv2%2Fmedia&parent=344965"}],"wp:term":[{"taxonomy":"category","embeddable":true,"href":"https:\/\/primermomento.com\/index.php?rest_route=%2Fwp%2Fv2%2Fcategories&post=344965"},{"taxonomy":"post_tag","embeddable":true,"href":"https:\/\/primermomento.com\/index.php?rest_route=%2Fwp%2Fv2%2Ftags&post=344965"}],"curies":[{"name":"wp","href":"https:\/\/api.w.org\/{rel}","templated":true}]}}