{"id":344998,"date":"2021-05-25T08:57:02","date_gmt":"2021-05-25T12:57:02","guid":{"rendered":"http:\/\/primermomento.com\/?p=344998"},"modified":"2021-05-25T08:57:54","modified_gmt":"2021-05-25T12:57:54","slug":"gran-parada-dominicana-bronx-reconoce-labor-consul-rd-en-ny","status":"publish","type":"post","link":"https:\/\/primermomento.com\/?p=344998","title":{"rendered":"Gran Parada Dominicana Bronx reconoce labor c\u00f3nsul RD en NY"},"content":{"rendered":"\n<p>NUEVA YORK, EEUU.- La Gran Parada Dominicana de El Bronx reconoci\u00f3 la positiva labor que viene desarrollando el c\u00f3nsul dominicano en esta ciudad, Eligio J\u00e1quez,&nbsp;&nbsp;a favor de sus connacionales en los estados bajo su jurisdicci\u00f3n.<\/p>\n\n\n\n<div class=\"wp-block-image\"><figure class=\"aligncenter size-large\"><img loading=\"lazy\" decoding=\"async\" width=\"699\" height=\"328\" src=\"http:\/\/primermomento.com\/wp-content\/uploads\/2021\/05\/Gran-Parada-Dominicana-Bronx-reconoce-labor-consul-RD-en-NY.jpg\" alt=\"\" class=\"wp-image-344999\" srcset=\"https:\/\/primermomento.com\/wp-content\/uploads\/2021\/05\/Gran-Parada-Dominicana-Bronx-reconoce-labor-consul-RD-en-NY.jpg 699w, https:\/\/primermomento.com\/wp-content\/uploads\/2021\/05\/Gran-Parada-Dominicana-Bronx-reconoce-labor-consul-RD-en-NY-300x141.jpg 300w, https:\/\/primermomento.com\/wp-content\/uploads\/2021\/05\/Gran-Parada-Dominicana-Bronx-reconoce-labor-consul-RD-en-NY-500x235.jpg 500w, https:\/\/primermomento.com\/wp-content\/uploads\/2021\/05\/Gran-Parada-Dominicana-Bronx-reconoce-labor-consul-RD-en-NY-280x131.jpg 280w, https:\/\/primermomento.com\/wp-content\/uploads\/2021\/05\/Gran-Parada-Dominicana-Bronx-reconoce-labor-consul-RD-en-NY-638x299.jpg 638w, https:\/\/primermomento.com\/wp-content\/uploads\/2021\/05\/Gran-Parada-Dominicana-Bronx-reconoce-labor-consul-RD-en-NY-118x55.jpg 118w, https:\/\/primermomento.com\/wp-content\/uploads\/2021\/05\/Gran-Parada-Dominicana-Bronx-reconoce-labor-consul-RD-en-NY-479x225.jpg 479w\" sizes=\"auto, (max-width: 699px) 100vw, 699px\" \/><\/figure><\/div>\n\n\n\n<p>Felipe Febles, presidente de la entidad y junto a los directivos de la entidad, entregaron una placa de reconocimiento a J\u00e1quez en su despacho, el pasado fin de semana, resaltando su buen funcionamiento consular en el seno de la comunidad quisqueyana.<\/p>\n\n\n\n<p>La ocasi\u00f3n fue aprovechada para el c\u00f3nsul juramentar la nueva directiva 2021-2022. Acto seguido, Febles expres\u00f3&nbsp;\u201cEl c\u00f3nsul J\u00e1quez se ha integrado de&nbsp;lleno a trabajar,&nbsp;adem\u00e1s,&nbsp;est\u00e1 realizando un buen trabajo&nbsp;con la gente lo que motivo a nuestra organizaci\u00f3n reconocerle su labor, dijo.&nbsp;&nbsp;<\/p>\n\n\n\n<p><br>Por su parte, el c\u00f3nsul dio las gracias a los directivos de la entidad por el reconocimiento, y a la vez los felicit\u00f3 por venir poniendo en alto el&nbsp;nombre de la Rep\u00fablica Dominicana en el exterior.&nbsp;<\/p>\n\n\n\n<p>\u201cQuiero exhortarlos a defender la cultura dominicana y&nbsp;levantar hasta el tope nuestra bandera tricolor en todas&nbsp;las actividades que ustedes realicen&nbsp;en esta ciudad\u201d, a\u00f1adi\u00f3 J\u00e1quez.&nbsp;<\/p>\n\n\n\n<p><br>Durante el evento, tambi\u00e9n se&nbsp;efectu\u00f3 el relanzamiento de la p\u00e1gina web&nbsp;de la Parada Dominicana.<\/p>\n\n\n\n<p class=\"has-text-align-right\"><em>Ram\u00f3n Mercedes<\/em><\/p>\n","protected":false},"excerpt":{"rendered":"<p>NUEVA YORK, EEUU.- La Gran Parada Dominicana de El Bronx reconoci\u00f3 la positiva labor que viene desarrollando el c\u00f3nsul dominicano en esta ciudad, Eligio J\u00e1quez,&nbsp;&nbsp;a favor de sus connacionales en los estados bajo su jurisdicci\u00f3n. Felipe Febles, presidente de la entidad y junto a los directivos de la entidad, entregaron una placa de reconocimiento a [&hellip;]<\/p>\n","protected":false},"author":1,"featured_media":0,"comment_status":"open","ping_status":"open","sticky":false,"template":"","format":"standard","meta":{"_bbp_topic_count":0,"_bbp_reply_count":0,"_bbp_total_topic_count":0,"_bbp_total_reply_count":0,"_bbp_voice_count":0,"_bbp_anonymous_reply_count":0,"_bbp_topic_count_hidden":0,"_bbp_reply_count_hidden":0,"_bbp_forum_subforum_count":0,"footnotes":""},"categories":[40,60],"tags":[],"class_list":{"0":"post-344998","1":"post","2":"type-post","3":"status-publish","4":"format-standard","6":"category-comunidad","7":"category-titulares-del-dia"},"_links":{"self":[{"href":"https:\/\/primermomento.com\/index.php?rest_route=\/wp\/v2\/posts\/344998","targetHints":{"allow":["GET"]}}],"collection":[{"href":"https:\/\/primermomento.com\/index.php?rest_route=\/wp\/v2\/posts"}],"about":[{"href":"https:\/\/primermomento.com\/index.php?rest_route=\/wp\/v2\/types\/post"}],"author":[{"embeddable":true,"href":"https:\/\/primermomento.com\/index.php?rest_route=\/wp\/v2\/users\/1"}],"replies":[{"embeddable":true,"href":"https:\/\/primermomento.com\/index.php?rest_route=%2Fwp%2Fv2%2Fcomments&post=344998"}],"version-history":[{"count":2,"href":"https:\/\/primermomento.com\/index.php?rest_route=\/wp\/v2\/posts\/344998\/revisions"}],"predecessor-version":[{"id":345002,"href":"https:\/\/primermomento.com\/index.php?rest_route=\/wp\/v2\/posts\/344998\/revisions\/345002"}],"wp:attachment":[{"href":"https:\/\/primermomento.com\/index.php?rest_route=%2Fwp%2Fv2%2Fmedia&parent=344998"}],"wp:term":[{"taxonomy":"category","embeddable":true,"href":"https:\/\/primermomento.com\/index.php?rest_route=%2Fwp%2Fv2%2Fcategories&post=344998"},{"taxonomy":"post_tag","embeddable":true,"href":"https:\/\/primermomento.com\/index.php?rest_route=%2Fwp%2Fv2%2Ftags&post=344998"}],"curies":[{"name":"wp","href":"https:\/\/api.w.org\/{rel}","templated":true}]}}