{"id":345012,"date":"2021-05-25T09:10:23","date_gmt":"2021-05-25T13:10:23","guid":{"rendered":"http:\/\/primermomento.com\/?p=345012"},"modified":"2021-05-25T09:10:23","modified_gmt":"2021-05-25T13:10:23","slug":"gobierno-de-eeuu-pide-evitar-viajes-a-japon","status":"publish","type":"post","link":"https:\/\/primermomento.com\/?p=345012","title":{"rendered":"Gobierno de EEUU pide evitar viajes a Jap\u00f3n"},"content":{"rendered":"\n<p>WASHINGTON, EEUU.- El Gobierno de Estados Unidos emiti\u00f3 hoy una alerta que pide a los ciudades de este pa\u00eds evitar viajes a Jap\u00f3n, sede de los pr\u00f3ximos Juegos Ol\u00edmpicos, justo cuando faltan dos meses para la cita.<br>El Departamento de Estado public\u00f3 la advertencia, en la cual se\u00f1ala el &#8216;alto nivel&#8217; de contagios de Covid-19 en esa naci\u00f3n asi\u00e1tica y por ello desaconsejan los viajes no esenciales.<\/p>\n\n\n\n<div class=\"wp-block-image\"><figure class=\"aligncenter size-large\"><img loading=\"lazy\" decoding=\"async\" width=\"748\" height=\"498\" src=\"http:\/\/primermomento.com\/wp-content\/uploads\/2021\/05\/AVR-EEUU-viajes-japon.jpg\" alt=\"\" class=\"wp-image-345013\" srcset=\"https:\/\/primermomento.com\/wp-content\/uploads\/2021\/05\/AVR-EEUU-viajes-japon.jpg 748w, https:\/\/primermomento.com\/wp-content\/uploads\/2021\/05\/AVR-EEUU-viajes-japon-300x200.jpg 300w, https:\/\/primermomento.com\/wp-content\/uploads\/2021\/05\/AVR-EEUU-viajes-japon-73x50.jpg 73w, https:\/\/primermomento.com\/wp-content\/uploads\/2021\/05\/AVR-EEUU-viajes-japon-500x333.jpg 500w, https:\/\/primermomento.com\/wp-content\/uploads\/2021\/05\/AVR-EEUU-viajes-japon-280x186.jpg 280w, https:\/\/primermomento.com\/wp-content\/uploads\/2021\/05\/AVR-EEUU-viajes-japon-60x40.jpg 60w, https:\/\/primermomento.com\/wp-content\/uploads\/2021\/05\/AVR-EEUU-viajes-japon-638x425.jpg 638w, https:\/\/primermomento.com\/wp-content\/uploads\/2021\/05\/AVR-EEUU-viajes-japon-118x79.jpg 118w, https:\/\/primermomento.com\/wp-content\/uploads\/2021\/05\/AVR-EEUU-viajes-japon-479x319.jpg 479w\" sizes=\"auto, (max-width: 748px) 100vw, 748px\" \/><\/figure><\/div>\n\n\n\n<p>De acuerdo con el comunicado, tal decisi\u00f3n fue tomada por razones sanitarias, pero tambi\u00e9n por &#8216;factores secundarios como la disponibilidad de vuelos comerciales, restricciones a los ingresos de ciudadanos estadounidenses e impedimentos para obtener en tres d\u00edas los resultados de los test de Covid-19&#8217;.<\/p>\n\n\n\n<p>La noticia de esta advertencia de viajes se produce cuando el Gobierno de Jap\u00f3n est\u00e1 bajo creciente presi\u00f3n para cancelar los Juegos y enfrenta cr\u00edticas por el ritmo de su campa\u00f1a de vacunaci\u00f3n, indica el diario The Hill.<\/p>\n\n\n\n<p>El primer ministro japon\u00e9s, Yoshihide Suga, se\u00f1al\u00f3 que har\u00e1n todo lo necesario para realizar los Juegos Ol\u00edmpicos, de modo que las personas puedan vacunarse y volver a su vida cotidiana lo antes posible.<\/p>\n\n\n\n<p>La naci\u00f3n nipona abri\u00f3 sus primeros centros de vacunaci\u00f3n masiva en forma acelerada en una campa\u00f1a previa a la cita ol\u00edmpica, cancelada el a\u00f1o pasado debido a la pandemia.<\/p>\n\n\n\n<p>Jap\u00f3n comenz\u00f3 en febrero a aplicar la vacuna Pfizer al personal sanitario y a los mayores de 65 a\u00f1os, y espera concluir esa fase a fines de julio cuando comienzan las olimpiadas.<\/p>\n\n\n\n<p>Adem\u00e1s, anunciaron este mes un plan de inmunizaci\u00f3n antiCovid-19 para cerca de dos mil 500 atletas.<\/p>\n\n\n\n<p>La mayor\u00eda de los deportistas y otras personas que se alojar\u00e1n en la Villa Ol\u00edmpica deber\u00e1n estar vacunadas antes de llegar a Jap\u00f3n, aunque la inmunizaci\u00f3n no es una exigencia para participar en los Juegos Ol\u00edmpicos, precisaron reportes de prensa.<\/p>\n\n\n\n<p>Hasta el momento, est\u00e1 previsto que el evento ol\u00edmpico comiencen en Tokio, el 23 de julio, y ya se prohibi\u00f3 la asistencia de espectadores extranjeros.<\/p>\n\n\n\n<p>A\u00fan as\u00ed, se espera que al pa\u00eds asi\u00e1tico lleguen miles de atletas de todo el mundo, adem\u00e1s del personal de apoyo.<\/p>\n\n\n\n<p class=\"has-text-align-right\"><em>PL<\/em><\/p>\n","protected":false},"excerpt":{"rendered":"<p>WASHINGTON, EEUU.- El Gobierno de Estados Unidos emiti\u00f3 hoy una alerta que pide a los ciudades de este pa\u00eds evitar viajes a Jap\u00f3n, sede de los pr\u00f3ximos Juegos Ol\u00edmpicos, justo cuando faltan dos meses para la cita.El Departamento de Estado public\u00f3 la advertencia, en la cual se\u00f1ala el &#8216;alto nivel&#8217; de contagios de Covid-19 en [&hellip;]<\/p>\n","protected":false},"author":1,"featured_media":0,"comment_status":"open","ping_status":"open","sticky":false,"template":"","format":"standard","meta":{"_bbp_topic_count":0,"_bbp_reply_count":0,"_bbp_total_topic_count":0,"_bbp_total_reply_count":0,"_bbp_voice_count":0,"_bbp_anonymous_reply_count":0,"_bbp_topic_count_hidden":0,"_bbp_reply_count_hidden":0,"_bbp_forum_subforum_count":0,"footnotes":""},"categories":[42,60],"tags":[],"class_list":{"0":"post-345012","1":"post","2":"type-post","3":"status-publish","4":"format-standard","6":"category-deportes","7":"category-titulares-del-dia"},"_links":{"self":[{"href":"https:\/\/primermomento.com\/index.php?rest_route=\/wp\/v2\/posts\/345012","targetHints":{"allow":["GET"]}}],"collection":[{"href":"https:\/\/primermomento.com\/index.php?rest_route=\/wp\/v2\/posts"}],"about":[{"href":"https:\/\/primermomento.com\/index.php?rest_route=\/wp\/v2\/types\/post"}],"author":[{"embeddable":true,"href":"https:\/\/primermomento.com\/index.php?rest_route=\/wp\/v2\/users\/1"}],"replies":[{"embeddable":true,"href":"https:\/\/primermomento.com\/index.php?rest_route=%2Fwp%2Fv2%2Fcomments&post=345012"}],"version-history":[{"count":1,"href":"https:\/\/primermomento.com\/index.php?rest_route=\/wp\/v2\/posts\/345012\/revisions"}],"predecessor-version":[{"id":345014,"href":"https:\/\/primermomento.com\/index.php?rest_route=\/wp\/v2\/posts\/345012\/revisions\/345014"}],"wp:attachment":[{"href":"https:\/\/primermomento.com\/index.php?rest_route=%2Fwp%2Fv2%2Fmedia&parent=345012"}],"wp:term":[{"taxonomy":"category","embeddable":true,"href":"https:\/\/primermomento.com\/index.php?rest_route=%2Fwp%2Fv2%2Fcategories&post=345012"},{"taxonomy":"post_tag","embeddable":true,"href":"https:\/\/primermomento.com\/index.php?rest_route=%2Fwp%2Fv2%2Ftags&post=345012"}],"curies":[{"name":"wp","href":"https:\/\/api.w.org\/{rel}","templated":true}]}}