{"id":345018,"date":"2021-05-25T09:15:18","date_gmt":"2021-05-25T13:15:18","guid":{"rendered":"http:\/\/primermomento.com\/?p=345018"},"modified":"2021-05-25T09:15:19","modified_gmt":"2021-05-25T13:15:19","slug":"presidente-joe-biden-recibira-a-familiares-de-george-floyd","status":"publish","type":"post","link":"https:\/\/primermomento.com\/?p=345018","title":{"rendered":"Presidente Joe Biden recibir\u00e1 a familiares de George Floyd"},"content":{"rendered":"\n<p>WASHINGTON, EEUU.- El presidente estadounidense, Joe Biden, recibir\u00e1 hoy en audiencia privada a los familiares de George Floyd, afronorteamericano asesinado por la Polic\u00eda el 25 de mayo de 2020, cuya muerte provoc\u00f3 fuertes protestas en el pa\u00eds.<\/p>\n\n\n\n<div class=\"wp-block-image\"><figure class=\"aligncenter size-large\"><img loading=\"lazy\" decoding=\"async\" width=\"748\" height=\"498\" src=\"http:\/\/primermomento.com\/wp-content\/uploads\/2021\/03\/w-george-floyd.jpg\" alt=\"\" class=\"wp-image-342008\" srcset=\"https:\/\/primermomento.com\/wp-content\/uploads\/2021\/03\/w-george-floyd.jpg 748w, https:\/\/primermomento.com\/wp-content\/uploads\/2021\/03\/w-george-floyd-300x200.jpg 300w, https:\/\/primermomento.com\/wp-content\/uploads\/2021\/03\/w-george-floyd-73x50.jpg 73w, https:\/\/primermomento.com\/wp-content\/uploads\/2021\/03\/w-george-floyd-500x333.jpg 500w, https:\/\/primermomento.com\/wp-content\/uploads\/2021\/03\/w-george-floyd-280x186.jpg 280w, https:\/\/primermomento.com\/wp-content\/uploads\/2021\/03\/w-george-floyd-60x40.jpg 60w, https:\/\/primermomento.com\/wp-content\/uploads\/2021\/03\/w-george-floyd-638x425.jpg 638w, https:\/\/primermomento.com\/wp-content\/uploads\/2021\/03\/w-george-floyd-118x79.jpg 118w, https:\/\/primermomento.com\/wp-content\/uploads\/2021\/03\/w-george-floyd-479x319.jpg 479w\" sizes=\"auto, (max-width: 748px) 100vw, 748px\" \/><\/figure><\/div>\n\n\n\n<p>Durante el encuentro en la Casa Blanca en ocasi\u00f3n de este primer aniversario, se espera que Biden exprese su apoyo, una vez m\u00e1s, a la Ley de Justicia en la Polic\u00eda de George Floyd, que est\u00e1 estancada en el Congreso federal.<\/p>\n\n\n\n<p>El mandatario hab\u00eda establecido previamente este 25 de mayo como fecha l\u00edmite para la aprobaci\u00f3n del proyecto de ley, pero la propuesta no avanz\u00f3 todo lo que se esperaba.<\/p>\n\n\n\n<p>El dem\u00f3crata Cory Booker, quien redact\u00f3 la versi\u00f3n del Senado de la legislaci\u00f3n de reforma policial, aprobada por la C\u00e1mara de Representantes en marzo, dijo el domingo que los negociadores est\u00e1n logrando &#8216;avances significativos&#8217;, incluidos ac\u00e1pites que actualmente protegen algunos funcionarios de la fiscal\u00eda.<\/p>\n\n\n\n<p>La condena en abril pasado a Derek Chauvin, acusado de asesinar a Floyd, reaviv\u00f3 la esperanza de que el presidente Biden y sus aliados en el Congreso impulsen esta iniciativa en el Senado federal.<\/p>\n\n\n\n<p>El proyecto, auspiciado por los dem\u00f3cratas, tiene como fin prohibir los estrangulamientos y alterar la llamada inmunidad calificada para las fuerzas del orden p\u00fablico, lo que facilitar\u00eda el castigo a la mala conducta policial.<\/p>\n\n\n\n<p>Seg\u00fan el diario The Hill, los dem\u00f3cratas presionan a los republicanos del Senado para que aprueben el proyecto de ley, pero enfrentan una batalla cuesta arriba para obtener los 60 votos que les son imprescindibles en esa instancia, donde es evidente el rechazo del partido rojo.<\/p>\n\n\n\n<p>Pero incluso todav\u00eda no existen garant\u00edas de que todos los dem\u00f3cratas en el Senado, que conforman la mitad de la C\u00e1mara Alta (50-50), est\u00e9n de acuerdo.<\/p>\n\n\n\n<p>El asesinato de Floyd, de 46 a\u00f1os, en la ciudad de Minneapolis, Minnesota, tuvo un fuerte impacto nacional e internacional, tras la publicaci\u00f3n de un v\u00eddeo del suceso grabado por una joven de 17 a\u00f1os, testigo de la tragedia.<\/p>\n\n\n\n<p>Las im\u00e1genes mostraron c\u00f3mo el oficial Derek Chauvin lo inmoviliz\u00f3 contra el suelo con una rodilla en el cuello durante 9 minutos y medio, mientras el hombre negro repetidamente dec\u00eda que no pod\u00eda respirar<\/p>\n\n\n\n<p>Tras la muerte de Floyd, la polic\u00eda ha matado a 181 personas negras en Estados Unidos, seg\u00fan datos del grupo de investigaci\u00f3n Mapping Police Violence.<\/p>\n\n\n\n<p>De los 966 asesinatos policiales reportados desde el 25 de mayo de 2020, los negros representan el 18,7 por ciento, a pesar de constituir el 13 por ciento de la poblaci\u00f3n norteamericana, seg\u00fan la Oficina del Censo.<\/p>\n\n\n\n<p>Los asesinatos policiales de v\u00edctimas blancas representaron el 37 por ciento del total de muertes, a pesar de que los estadounidenses blancos son el 76,3 por ciento de la poblaci\u00f3n.<\/p>\n\n\n\n<p class=\"has-text-align-right\"><em>PL<\/em><\/p>\n","protected":false},"excerpt":{"rendered":"<p>WASHINGTON, EEUU.- El presidente estadounidense, Joe Biden, recibir\u00e1 hoy en audiencia privada a los familiares de George Floyd, afronorteamericano asesinado por la Polic\u00eda el 25 de mayo de 2020, cuya muerte provoc\u00f3 fuertes protestas en el pa\u00eds. Durante el encuentro en la Casa Blanca en ocasi\u00f3n de este primer aniversario, se espera que Biden exprese [&hellip;]<\/p>\n","protected":false},"author":1,"featured_media":0,"comment_status":"open","ping_status":"open","sticky":false,"template":"","format":"standard","meta":{"_bbp_topic_count":0,"_bbp_reply_count":0,"_bbp_total_topic_count":0,"_bbp_total_reply_count":0,"_bbp_voice_count":0,"_bbp_anonymous_reply_count":0,"_bbp_topic_count_hidden":0,"_bbp_reply_count_hidden":0,"_bbp_forum_subforum_count":0,"footnotes":""},"categories":[60,38],"tags":[],"class_list":{"0":"post-345018","1":"post","2":"type-post","3":"status-publish","4":"format-standard","6":"category-titulares-del-dia","7":"category-sociedad"},"_links":{"self":[{"href":"https:\/\/primermomento.com\/index.php?rest_route=\/wp\/v2\/posts\/345018","targetHints":{"allow":["GET"]}}],"collection":[{"href":"https:\/\/primermomento.com\/index.php?rest_route=\/wp\/v2\/posts"}],"about":[{"href":"https:\/\/primermomento.com\/index.php?rest_route=\/wp\/v2\/types\/post"}],"author":[{"embeddable":true,"href":"https:\/\/primermomento.com\/index.php?rest_route=\/wp\/v2\/users\/1"}],"replies":[{"embeddable":true,"href":"https:\/\/primermomento.com\/index.php?rest_route=%2Fwp%2Fv2%2Fcomments&post=345018"}],"version-history":[{"count":1,"href":"https:\/\/primermomento.com\/index.php?rest_route=\/wp\/v2\/posts\/345018\/revisions"}],"predecessor-version":[{"id":345019,"href":"https:\/\/primermomento.com\/index.php?rest_route=\/wp\/v2\/posts\/345018\/revisions\/345019"}],"wp:attachment":[{"href":"https:\/\/primermomento.com\/index.php?rest_route=%2Fwp%2Fv2%2Fmedia&parent=345018"}],"wp:term":[{"taxonomy":"category","embeddable":true,"href":"https:\/\/primermomento.com\/index.php?rest_route=%2Fwp%2Fv2%2Fcategories&post=345018"},{"taxonomy":"post_tag","embeddable":true,"href":"https:\/\/primermomento.com\/index.php?rest_route=%2Fwp%2Fv2%2Ftags&post=345018"}],"curies":[{"name":"wp","href":"https:\/\/api.w.org\/{rel}","templated":true}]}}