{"id":345020,"date":"2021-05-25T12:11:46","date_gmt":"2021-05-25T16:11:46","guid":{"rendered":"http:\/\/primermomento.com\/?p=345020"},"modified":"2021-05-25T12:12:33","modified_gmt":"2021-05-25T16:12:33","slug":"banl-distrito-educativo-realiza-acto-de-apertura-de-clases-semipresenciales","status":"publish","type":"post","link":"https:\/\/primermomento.com\/?p=345020","title":{"rendered":"BAN\u013a | Realizan acto de apertura de clases semipresenciales"},"content":{"rendered":"\n<p>BAN\u013a, Rep\u00fablica Dominicana.- El director del Distrito Educativo 03-04 Jos\u00e9 Alberto Herrera Arias, encabez\u00f3 el acto de apertura a las clases semipresenciales la ma\u00f1ana de este martes en la escuela M\u00e1ximo G\u00f3mez con la presencia de un gran n\u00famero de estudiantes de nivel primario entusiasmados por regresar a las aulas.<\/p>\n\n\n\n<div class=\"wp-block-image\"><figure class=\"aligncenter size-large\"><img loading=\"lazy\" decoding=\"async\" width=\"640\" height=\"480\" src=\"http:\/\/primermomento.com\/wp-content\/uploads\/2021\/05\/Escuela-Maximo-Gomez.jpg\" alt=\"\" class=\"wp-image-345021\" srcset=\"https:\/\/primermomento.com\/wp-content\/uploads\/2021\/05\/Escuela-Maximo-Gomez.jpg 640w, https:\/\/primermomento.com\/wp-content\/uploads\/2021\/05\/Escuela-Maximo-Gomez-300x225.jpg 300w, https:\/\/primermomento.com\/wp-content\/uploads\/2021\/05\/Escuela-Maximo-Gomez-120x90.jpg 120w, https:\/\/primermomento.com\/wp-content\/uploads\/2021\/05\/Escuela-Maximo-Gomez-500x375.jpg 500w, https:\/\/primermomento.com\/wp-content\/uploads\/2021\/05\/Escuela-Maximo-Gomez-280x210.jpg 280w, https:\/\/primermomento.com\/wp-content\/uploads\/2021\/05\/Escuela-Maximo-Gomez-638x479.jpg 638w, https:\/\/primermomento.com\/wp-content\/uploads\/2021\/05\/Escuela-Maximo-Gomez-118x89.jpg 118w, https:\/\/primermomento.com\/wp-content\/uploads\/2021\/05\/Escuela-Maximo-Gomez-479x359.jpg 479w\" sizes=\"auto, (max-width: 640px) 100vw, 640px\" \/><\/figure><\/div>\n\n\n\n<p>Jos\u00e9 Alberto Herrera agradeci\u00f3 el esfuerzo del presidente de la Rep\u00fablica, Luis Abinader y el ministro de Educaci\u00f3n, Roberto Fulcar, con la apertura de las clases semipresenciales bajo estrictos protocolos de seguridad, de manera voluntaria y progesiva.<\/p>\n\n\n\n<p>Destac\u00f3 la labor que se ha realizado desde el distrito 03-04, trabajando de cerca con cada uno de los directores y docentes de los diferentes centros educativos del municipio manteniendo un acompa\u00f1amiento hasta ahora y en constante monitoreo.<\/p>\n\n\n\n<p>As\u00ed mismo inform\u00f3 que un total de 2,050 docentes, personal administrativo y de apoyo del sector educativo, tanto p\u00fablico como privado han sido vacunados contra el covid-19, agradeciendo al ministro Roberto Fulcar por incluir el sector educativo en la fase I del plan de vacunaci\u00f3n nacional.<\/p>\n\n\n\n<p>El distrito 03-04 recientemente recibi\u00f3 32,000 unidades de guantes, 1600 batas, 2310 unidades de gel anti bacterial, 682 atomizadores, 28,000 unidades de mascarillas NK95, 50,000 mascarillas quir\u00fargicas, 1,200 cajas de alcohol y 1,002 cajas de jab\u00f3n l\u00edquido antibacterial para ser distribuidos en los 83 centros educativos p\u00fablicos, 8 de prepara, 13 centros de adultos y 26 instituciones educativas privadas, garantizando as\u00ed la bioseguridad de los estudiantes, docentes y personal de apoyo.<\/p>\n\n\n\n<p>\u00abQuiero hacer un llamado a la poblaci\u00f3n a confiar en sus autoridades y genuina preocupaci\u00f3n de garantizar que se detenga la la pandemia, sin que se detenga la educaci\u00f3n, que esto es un compromiso de todos y por ello vamos a vacunarnos todos\u00bb, expres\u00f3 Jos\u00e9 Alberto Herrera.<\/p>\n\n\n\n<p>El acto cont\u00f3 con la presencia de la gobernadora provincial, profesora Yadira B\u00e1ez, quien destac\u00f3 que todos debemos estar unidos en los esfuerzos del gobierno por restablecer las clases presenciales a\u00fan en medio de la pandemia, tomando en cuenta todas las medidas de seguridad para que los estudiantes puedan regresar a las aulas sin miedo alguno a contagio.<\/p>\n\n\n\n<p>\u00abSomos el pa\u00eds n\u00famero dos de america latina en recibir la vacunaci\u00f3n y ya estamos en la fase en la cual los j\u00f3venes ya pueden vacunarse, pero esto no debe decir que no se debe mantener el protocolo\u00bb, expreso.<\/p>\n\n\n\n<p>Destac\u00f3 que se debe seguir con el uso de las medidas de seguridad, recordando que el regreso a clases es un proceso gradual y voluntario, sin embargo recalc\u00f3 que los maestros deben realizar un esfuerzo para terminar el a\u00f1o aun faltando poco tiempo debido a que los ni\u00f1os les hace falta el calor de las aulas, para que el proceso ense\u00f1anza-aprendizaje no se detenga.<\/p>\n\n\n\n<p>As\u00ed mismo la directora del centro, Esperanza Ram\u00edrez, estuvo a cargo de las palabras de bienvenida a los docentes, maestros y estudiantes, motiv\u00e1ndolos a trabajar para culminar con \u00e9xito este a\u00f1o escolar.<\/p>\n\n\n\n<p>La presentaci\u00f3n art\u00edstica estuvo a cargo de los estudiantes del centro M\u00e1ximo Gomez y Liceo Canela Mota. La oraci\u00f3n estuvo a cargo de la maestra Ana Iris Pimentel.<\/p>\n\n\n\n<p>La actividad cont\u00f3 con la presencia de la vicealcaldesa, Adriana Soto, en representaci\u00f3n de la Polic\u00eda Nacional Carlos Luna Villar, Eladio Arias, encargado regional de INABIE, Florian M\u00e9ndez en representaci\u00f3n de la DIGESETT, capit\u00e1n Paulino en representaci\u00f3n de la Polic\u00eda Escolar y Jhovanny Hern\u00e1ndez.<\/p>\n\n\n\n<p class=\"has-text-align-right\"><em>Graymis Calder\u00f3n<\/em><\/p>\n","protected":false},"excerpt":{"rendered":"<p>BAN\u013a, Rep\u00fablica Dominicana.- El director del Distrito Educativo 03-04 Jos\u00e9 Alberto Herrera Arias, encabez\u00f3 el acto de apertura a las clases semipresenciales la ma\u00f1ana de este martes en la escuela M\u00e1ximo G\u00f3mez con la presencia de un gran n\u00famero de estudiantes de nivel primario entusiasmados por regresar a las aulas. Jos\u00e9 Alberto Herrera agradeci\u00f3 el [&hellip;]<\/p>\n","protected":false},"author":1,"featured_media":0,"comment_status":"open","ping_status":"open","sticky":false,"template":"","format":"standard","meta":{"_bbp_topic_count":0,"_bbp_reply_count":0,"_bbp_total_topic_count":0,"_bbp_total_reply_count":0,"_bbp_voice_count":0,"_bbp_anonymous_reply_count":0,"_bbp_topic_count_hidden":0,"_bbp_reply_count_hidden":0,"_bbp_forum_subforum_count":0,"footnotes":""},"categories":[30,60],"tags":[],"class_list":{"0":"post-345020","1":"post","2":"type-post","3":"status-publish","4":"format-standard","6":"category-actualidad","7":"category-titulares-del-dia"},"_links":{"self":[{"href":"https:\/\/primermomento.com\/index.php?rest_route=\/wp\/v2\/posts\/345020","targetHints":{"allow":["GET"]}}],"collection":[{"href":"https:\/\/primermomento.com\/index.php?rest_route=\/wp\/v2\/posts"}],"about":[{"href":"https:\/\/primermomento.com\/index.php?rest_route=\/wp\/v2\/types\/post"}],"author":[{"embeddable":true,"href":"https:\/\/primermomento.com\/index.php?rest_route=\/wp\/v2\/users\/1"}],"replies":[{"embeddable":true,"href":"https:\/\/primermomento.com\/index.php?rest_route=%2Fwp%2Fv2%2Fcomments&post=345020"}],"version-history":[{"count":3,"href":"https:\/\/primermomento.com\/index.php?rest_route=\/wp\/v2\/posts\/345020\/revisions"}],"predecessor-version":[{"id":345024,"href":"https:\/\/primermomento.com\/index.php?rest_route=\/wp\/v2\/posts\/345020\/revisions\/345024"}],"wp:attachment":[{"href":"https:\/\/primermomento.com\/index.php?rest_route=%2Fwp%2Fv2%2Fmedia&parent=345020"}],"wp:term":[{"taxonomy":"category","embeddable":true,"href":"https:\/\/primermomento.com\/index.php?rest_route=%2Fwp%2Fv2%2Fcategories&post=345020"},{"taxonomy":"post_tag","embeddable":true,"href":"https:\/\/primermomento.com\/index.php?rest_route=%2Fwp%2Fv2%2Ftags&post=345020"}],"curies":[{"name":"wp","href":"https:\/\/api.w.org\/{rel}","templated":true}]}}