{"id":345028,"date":"2021-05-25T15:15:46","date_gmt":"2021-05-25T19:15:46","guid":{"rendered":"http:\/\/primermomento.com\/?p=345028"},"modified":"2021-05-25T15:17:37","modified_gmt":"2021-05-25T19:17:37","slug":"abinader-inaugura-rehabilitacion-del-puerto-de-barahona","status":"publish","type":"post","link":"https:\/\/primermomento.com\/?p=345028","title":{"rendered":"Abinader inaugura rehabilitaci\u00f3n del Puerto de Barahona"},"content":{"rendered":"\n<p>BARAHONA, Rep\u00fablica Dominicana.- El presidente dominicano, Luis Abinader, inaugur\u00f3 hoy la rehabilitaci\u00f3n del puerto de Barahona, provincia hom\u00f3nima, iniciativa que forma parte de la pol\u00edtica gubernamental para la recuperaci\u00f3n econ\u00f3mica del pa\u00eds e impulsar el desarrollo del territorio.<\/p>\n\n\n\n<figure class=\"wp-block-image size-large\"><img loading=\"lazy\" decoding=\"async\" width=\"1024\" height=\"576\" src=\"http:\/\/primermomento.com\/wp-content\/uploads\/2021\/05\/abinader-y-puerto-de-barahona-1024x576.jpeg\" alt=\"\" class=\"wp-image-345029\" srcset=\"https:\/\/primermomento.com\/wp-content\/uploads\/2021\/05\/abinader-y-puerto-de-barahona-1024x576.jpeg 1024w, https:\/\/primermomento.com\/wp-content\/uploads\/2021\/05\/abinader-y-puerto-de-barahona-300x169.jpeg 300w, https:\/\/primermomento.com\/wp-content\/uploads\/2021\/05\/abinader-y-puerto-de-barahona-768x432.jpeg 768w, https:\/\/primermomento.com\/wp-content\/uploads\/2021\/05\/abinader-y-puerto-de-barahona-478x270.jpeg 478w, https:\/\/primermomento.com\/wp-content\/uploads\/2021\/05\/abinader-y-puerto-de-barahona-500x281.jpeg 500w, https:\/\/primermomento.com\/wp-content\/uploads\/2021\/05\/abinader-y-puerto-de-barahona-280x157.jpeg 280w, https:\/\/primermomento.com\/wp-content\/uploads\/2021\/05\/abinader-y-puerto-de-barahona-638x359.jpeg 638w, https:\/\/primermomento.com\/wp-content\/uploads\/2021\/05\/abinader-y-puerto-de-barahona-118x66.jpeg 118w, https:\/\/primermomento.com\/wp-content\/uploads\/2021\/05\/abinader-y-puerto-de-barahona-479x269.jpeg 479w, https:\/\/primermomento.com\/wp-content\/uploads\/2021\/05\/abinader-y-puerto-de-barahona.jpeg 1300w\" sizes=\"auto, (max-width: 1024px) 100vw, 1024px\" \/><\/figure>\n\n\n\n<p>Durante el acto, el mandatario explic\u00f3 que los trabajos contemplaron la ampliaci\u00f3n de la zona de amarre de los buques a trav\u00e9s de la demolici\u00f3n de la estructura existente, la construcci\u00f3n de cinco nuevos diques y una profundizaci\u00f3n del canal de entrada y zona de maniobra del puerto.<\/p>\n\n\n\n<p>Asimismo, explic\u00f3 que esto permitir\u00e1 la entrada de barcos de 40 mil toneladas, la instalaci\u00f3n de pilotes met\u00e1licos y de pasarelas de acceso, las cuales garantizan la durabilidad de la estructura y facilitan las operaciones mar\u00edtimas.<\/p>\n\n\n\n<p>Por su parte, el presidente del Consejo de Administraci\u00f3n de la Autoridad Portuaria, Alejandro Campos, explic\u00f3 que el desarrollo del proyecto fue llevado a cabo en un tiempo r\u00e9cord de siete meses y cumplieron en la obra con las normativas indicadas para este tipo de rehabilitaci\u00f3n.<\/p>\n\n\n\n<p>Previo a la mencionada inauguraci\u00f3n, el jefe de Estado, como parte de su agenda de trabajo de este martes en Barahona, visit\u00f3 un centro de Vacunaci\u00f3n, uno de los 54 puntos habilitados en la provincia.<\/p>\n\n\n\n<p>En el lugar, Abinader anunci\u00f3 que al finalizar la tarde dar\u00e1 a conocer nuevas restricciones para el Gran Santo Domingo con el objetivo de disminuir la propagaci\u00f3n de la Covid-19,la cual tiene en jaque a la capital.<\/p>\n\n\n\n<p>La demanda de atenci\u00f3n m\u00e9dica y de hospitalizaciones en el Distrio Nacional y la provincia de Santo Domingo, genera grandes presiones en los centros de salud donde hoy fue reportado un promedio de ocupaci\u00f3n general de camas para Covid-19 de un 42 por ciento mientras en las Unidades de Cuidados Intensivos est\u00e1 en 62.<\/p>\n\n\n\n<p>Sin embargo, los hospitales Marcelino V\u00e9lez y F\u00e9lix Mar\u00eda Goico, dedicados a la atenci\u00f3n de enfermos con el virus, tiene el 100 por ciento de las camas ocupadas.<\/p>\n\n\n\n<p class=\"has-text-align-right\"><em>PL<\/em><\/p>\n","protected":false},"excerpt":{"rendered":"<p>BARAHONA, Rep\u00fablica Dominicana.- El presidente dominicano, Luis Abinader, inaugur\u00f3 hoy la rehabilitaci\u00f3n del puerto de Barahona, provincia hom\u00f3nima, iniciativa que forma parte de la pol\u00edtica gubernamental para la recuperaci\u00f3n econ\u00f3mica del pa\u00eds e impulsar el desarrollo del territorio. Durante el acto, el mandatario explic\u00f3 que los trabajos contemplaron la ampliaci\u00f3n de la zona de amarre [&hellip;]<\/p>\n","protected":false},"author":1,"featured_media":0,"comment_status":"open","ping_status":"open","sticky":false,"template":"","format":"standard","meta":{"_bbp_topic_count":0,"_bbp_reply_count":0,"_bbp_total_topic_count":0,"_bbp_total_reply_count":0,"_bbp_voice_count":0,"_bbp_anonymous_reply_count":0,"_bbp_topic_count_hidden":0,"_bbp_reply_count_hidden":0,"_bbp_forum_subforum_count":0,"footnotes":""},"categories":[30,60],"tags":[],"class_list":{"0":"post-345028","1":"post","2":"type-post","3":"status-publish","4":"format-standard","6":"category-actualidad","7":"category-titulares-del-dia"},"_links":{"self":[{"href":"https:\/\/primermomento.com\/index.php?rest_route=\/wp\/v2\/posts\/345028","targetHints":{"allow":["GET"]}}],"collection":[{"href":"https:\/\/primermomento.com\/index.php?rest_route=\/wp\/v2\/posts"}],"about":[{"href":"https:\/\/primermomento.com\/index.php?rest_route=\/wp\/v2\/types\/post"}],"author":[{"embeddable":true,"href":"https:\/\/primermomento.com\/index.php?rest_route=\/wp\/v2\/users\/1"}],"replies":[{"embeddable":true,"href":"https:\/\/primermomento.com\/index.php?rest_route=%2Fwp%2Fv2%2Fcomments&post=345028"}],"version-history":[{"count":2,"href":"https:\/\/primermomento.com\/index.php?rest_route=\/wp\/v2\/posts\/345028\/revisions"}],"predecessor-version":[{"id":345032,"href":"https:\/\/primermomento.com\/index.php?rest_route=\/wp\/v2\/posts\/345028\/revisions\/345032"}],"wp:attachment":[{"href":"https:\/\/primermomento.com\/index.php?rest_route=%2Fwp%2Fv2%2Fmedia&parent=345028"}],"wp:term":[{"taxonomy":"category","embeddable":true,"href":"https:\/\/primermomento.com\/index.php?rest_route=%2Fwp%2Fv2%2Fcategories&post=345028"},{"taxonomy":"post_tag","embeddable":true,"href":"https:\/\/primermomento.com\/index.php?rest_route=%2Fwp%2Fv2%2Ftags&post=345028"}],"curies":[{"name":"wp","href":"https:\/\/api.w.org\/{rel}","templated":true}]}}