{"id":345036,"date":"2021-05-25T16:42:16","date_gmt":"2021-05-25T20:42:16","guid":{"rendered":"http:\/\/primermomento.com\/?p=345036"},"modified":"2021-05-25T16:42:17","modified_gmt":"2021-05-25T20:42:17","slug":"gobierno-organiza-conciertos-para-incitar-vacunacion-anticovid-19","status":"publish","type":"post","link":"https:\/\/primermomento.com\/?p=345036","title":{"rendered":"Gobierno organiza conciertos para incitar vacunaci\u00f3n antiCovid-19"},"content":{"rendered":"\n<p>SANTO DOMINGO, Rep\u00fablica Dominicana.- La vicepresidenta de la Rep\u00fablica Dominicana y coordinadora del Gabinete de Salud, Raquel Pe\u00f1a, anunci\u00f3 hoy que el gobierno organiza conciertos gratuitos en el pa\u00eds para incentivar la vacunaci\u00f3n antiCovid-19.<\/p>\n\n\n\n<div class=\"wp-block-image\"><figure class=\"aligncenter size-large\"><img loading=\"lazy\" decoding=\"async\" width=\"1024\" height=\"576\" src=\"http:\/\/primermomento.com\/wp-content\/uploads\/2021\/04\/raquel-pena-1024x576.jpg\" alt=\"\" class=\"wp-image-343732\" srcset=\"https:\/\/primermomento.com\/wp-content\/uploads\/2021\/04\/raquel-pena-1024x576.jpg 1024w, https:\/\/primermomento.com\/wp-content\/uploads\/2021\/04\/raquel-pena-300x169.jpg 300w, https:\/\/primermomento.com\/wp-content\/uploads\/2021\/04\/raquel-pena-768x432.jpg 768w, https:\/\/primermomento.com\/wp-content\/uploads\/2021\/04\/raquel-pena-478x270.jpg 478w, https:\/\/primermomento.com\/wp-content\/uploads\/2021\/04\/raquel-pena-500x281.jpg 500w, https:\/\/primermomento.com\/wp-content\/uploads\/2021\/04\/raquel-pena-280x157.jpg 280w, https:\/\/primermomento.com\/wp-content\/uploads\/2021\/04\/raquel-pena-638x359.jpg 638w, https:\/\/primermomento.com\/wp-content\/uploads\/2021\/04\/raquel-pena-118x66.jpg 118w, https:\/\/primermomento.com\/wp-content\/uploads\/2021\/04\/raquel-pena-479x269.jpg 479w, https:\/\/primermomento.com\/wp-content\/uploads\/2021\/04\/raquel-pena.jpg 1300w\" sizes=\"auto, (max-width: 1024px) 100vw, 1024px\" \/><figcaption><em>Raquel Pe\u00f1a<\/em><\/figcaption><\/figure><\/div>\n\n\n\n<p>Seg\u00fan medios de prensa, lo anterior lo dio a conocer Pe\u00f1a durante una entrevista ofrecida a una periodista dominicana, en la cual dijo que en los mencionados conciertos entrar\u00e1n libremente quienes tengan su carnet de vacunaci\u00f3n con las dos dosis puestas.<\/p>\n\n\n\n<p>Las autoridades sanitarias trabajan en funci\u00f3n de trasladar a la poblaci\u00f3n la necesidad de vacunarse como medida de suma importancia en la lucha contra la pandemia, y han sido insistentes los llamados del presidente, Luis Abinader, y la Vicepresidenta, en especial a la juventud, el sector m\u00e1s reacio a la inoculaci\u00f3n.<\/p>\n\n\n\n<p>Asimismo, la coordinadora del Gabinete de Salud explic\u00f3 que otra de las acciones planificadas por la instituci\u00f3n que encabeza, es la de acudir masivamente a comunidades aisladas donde haya ciudadanos los cuales no puedan trasladarse a los diferentes centros de vacunaci\u00f3n.<\/p>\n\n\n\n<p>Finalmente, adelant\u00f3 que contemplan en coordinaci\u00f3n con el Ministerio de Educaci\u00f3n, vacunar a todos los estudiantes de 12 a\u00f1os en adelante, antes del inicio del pr\u00f3ximo a\u00f1o escolar 2021-2022.<\/p>\n\n\n\n<p class=\"has-text-align-right\"><em>PL<\/em><\/p>\n","protected":false},"excerpt":{"rendered":"<p>SANTO DOMINGO, Rep\u00fablica Dominicana.- La vicepresidenta de la Rep\u00fablica Dominicana y coordinadora del Gabinete de Salud, Raquel Pe\u00f1a, anunci\u00f3 hoy que el gobierno organiza conciertos gratuitos en el pa\u00eds para incentivar la vacunaci\u00f3n antiCovid-19. Seg\u00fan medios de prensa, lo anterior lo dio a conocer Pe\u00f1a durante una entrevista ofrecida a una periodista dominicana, en la [&hellip;]<\/p>\n","protected":false},"author":1,"featured_media":0,"comment_status":"open","ping_status":"open","sticky":false,"template":"","format":"standard","meta":{"_bbp_topic_count":0,"_bbp_reply_count":0,"_bbp_total_topic_count":0,"_bbp_total_reply_count":0,"_bbp_voice_count":0,"_bbp_anonymous_reply_count":0,"_bbp_topic_count_hidden":0,"_bbp_reply_count_hidden":0,"_bbp_forum_subforum_count":0,"footnotes":""},"categories":[39,60],"tags":[],"class_list":{"0":"post-345036","1":"post","2":"type-post","3":"status-publish","4":"format-standard","6":"category-entretenimiento","7":"category-titulares-del-dia"},"_links":{"self":[{"href":"https:\/\/primermomento.com\/index.php?rest_route=\/wp\/v2\/posts\/345036","targetHints":{"allow":["GET"]}}],"collection":[{"href":"https:\/\/primermomento.com\/index.php?rest_route=\/wp\/v2\/posts"}],"about":[{"href":"https:\/\/primermomento.com\/index.php?rest_route=\/wp\/v2\/types\/post"}],"author":[{"embeddable":true,"href":"https:\/\/primermomento.com\/index.php?rest_route=\/wp\/v2\/users\/1"}],"replies":[{"embeddable":true,"href":"https:\/\/primermomento.com\/index.php?rest_route=%2Fwp%2Fv2%2Fcomments&post=345036"}],"version-history":[{"count":1,"href":"https:\/\/primermomento.com\/index.php?rest_route=\/wp\/v2\/posts\/345036\/revisions"}],"predecessor-version":[{"id":345037,"href":"https:\/\/primermomento.com\/index.php?rest_route=\/wp\/v2\/posts\/345036\/revisions\/345037"}],"wp:attachment":[{"href":"https:\/\/primermomento.com\/index.php?rest_route=%2Fwp%2Fv2%2Fmedia&parent=345036"}],"wp:term":[{"taxonomy":"category","embeddable":true,"href":"https:\/\/primermomento.com\/index.php?rest_route=%2Fwp%2Fv2%2Fcategories&post=345036"},{"taxonomy":"post_tag","embeddable":true,"href":"https:\/\/primermomento.com\/index.php?rest_route=%2Fwp%2Fv2%2Ftags&post=345036"}],"curies":[{"name":"wp","href":"https:\/\/api.w.org\/{rel}","templated":true}]}}