{"id":345038,"date":"2021-05-25T18:45:31","date_gmt":"2021-05-25T22:45:31","guid":{"rendered":"http:\/\/primermomento.com\/?p=345038"},"modified":"2021-05-25T19:51:23","modified_gmt":"2021-05-25T23:51:23","slug":"toque-de-queda-de-8-pm-a-5-am-en-el-gran-santo-domingo","status":"publish","type":"post","link":"https:\/\/primermomento.com\/?p=345038","title":{"rendered":"Abinader anuncia medidas restrictivas para toque de queda en el Gran Santo Domingo"},"content":{"rendered":"\n<p>SANTO DOMINGO, Rep\u00fablica Dominicana.- El presidente de la Rep\u00fablica Dominicana, Luis Abinader, anunci\u00f3 hoy nuevas medidas restrictivas para el Distrito Nacional y la provincia Santo Domingo, para tratar de frenar la propagaci\u00f3n de la Covid-19.<\/p>\n\n\n\n<div class=\"wp-block-image\"><figure class=\"aligncenter size-large\"><img loading=\"lazy\" decoding=\"async\" width=\"640\" height=\"400\" src=\"http:\/\/primermomento.com\/wp-content\/uploads\/2020\/03\/arrestos-por-toque-de-queda.jpg\" alt=\"\" class=\"wp-image-326840\" srcset=\"https:\/\/primermomento.com\/wp-content\/uploads\/2020\/03\/arrestos-por-toque-de-queda.jpg 640w, https:\/\/primermomento.com\/wp-content\/uploads\/2020\/03\/arrestos-por-toque-de-queda-300x188.jpg 300w, https:\/\/primermomento.com\/wp-content\/uploads\/2020\/03\/arrestos-por-toque-de-queda-500x313.jpg 500w, https:\/\/primermomento.com\/wp-content\/uploads\/2020\/03\/arrestos-por-toque-de-queda-280x175.jpg 280w, https:\/\/primermomento.com\/wp-content\/uploads\/2020\/03\/arrestos-por-toque-de-queda-638x399.jpg 638w, https:\/\/primermomento.com\/wp-content\/uploads\/2020\/03\/arrestos-por-toque-de-queda-118x74.jpg 118w, https:\/\/primermomento.com\/wp-content\/uploads\/2020\/03\/arrestos-por-toque-de-queda-479x299.jpg 479w\" sizes=\"auto, (max-width: 640px) 100vw, 640px\" \/><\/figure><\/div>\n\n\n\n<p>De acuerdo con una nota de prensa de la Presidencia, a partir del pr\u00f3ximo jueves 27, el toque de queda en los mencionados territorios ser\u00e1 de las 20:00, hora local, hasta las 05:00, con una gracia de libre circulaci\u00f3n de tres horas adicionales para llegar a los hogares.<\/p>\n\n\n\n<p>Adem\u00e1s, prohibi\u00f3 el expendio de bebidas alcoh\u00f3licas para consumirse en espacios p\u00fablicos y privados de uso p\u00fablico, desde las 17:00, hora local, hasta las 05:00, as\u00ed como la ingesti\u00f3n de estos productos en dichos lugares.<\/p>\n\n\n\n<p>Asimismo, dispuso que los espacios de uso p\u00fablico podr\u00e1n recibir hasta el 50 por ciento de su capacidad total.<\/p>\n\n\n\n<p>El jefe de Estado desde hace varios d\u00edas insiste con la poblaci\u00f3n acerca de la necesidad de mantener el distanciamiento f\u00edsico y vacunarse contra la Covid-19, para as\u00ed evitar restricciones, pero el incremento en casos nuevos y la disminuci\u00f3n de la ocupaci\u00f3n hospitalaria, oblig\u00f3 al gobierno a tomar medidas antes de que el rebrote sea mayor.<\/p>\n\n\n\n<p>SANTO DOMINGO, Rep\u00fablica Dominicana.- El presidente de la Rep\u00fablica Dominicana, Luis Abinader, anunci\u00f3 hoy nuevas medidas restrictivas para el Distrito Nacional y la provincia Santo Domingo, para tratar de frenar la propagaci\u00f3n de la Covid-19.<\/p>\n\n\n\n<p>De acuerdo con una nota de prensa de la Presidencia, a partir del pr\u00f3ximo jueves 27, el toque de queda en los mencionados territorios ser\u00e1 de las 20:00, hora local, hasta las 05:00, con una gracia de libre circulaci\u00f3n de tres horas adicionales para llegar a los hogares.<\/p>\n\n\n\n<p>Adem\u00e1s, prohibi\u00f3 el expendio de bebidas alcoh\u00f3licas para consumirse en espacios p\u00fablicos y privados de uso p\u00fablico, desde las 17:00, hora local, hasta las 05:00, as\u00ed como la ingesti\u00f3n de estos productos en dichos lugares.<\/p>\n\n\n\n<p>Asimismo, dispuso que los espacios de uso p\u00fablico podr\u00e1n recibir hasta el 50 por ciento de su capacidad total.<\/p>\n\n\n\n<p>El jefe de Estado desde hace varios d\u00edas insiste con la poblaci\u00f3n acerca de la necesidad de mantener el distanciamiento f\u00edsico y vacunarse contra la Covid-19, para as\u00ed evitar restricciones, pero el incremento en casos nuevos y la disminuci\u00f3n de la ocupaci\u00f3n hospitalaria, oblig\u00f3 al gobierno a tomar medidas antes de que el rebrote sea mayor.<\/p>\n\n\n\n<p class=\"has-text-align-right\"><em>PL<\/em><\/p>\n","protected":false},"excerpt":{"rendered":"<p>SANTO DOMINGO, Rep\u00fablica Dominicana.- El presidente de la Rep\u00fablica Dominicana, Luis Abinader, anunci\u00f3 hoy nuevas medidas restrictivas para el Distrito Nacional y la provincia Santo Domingo, para tratar de frenar la propagaci\u00f3n de la Covid-19. De acuerdo con una nota de prensa de la Presidencia, a partir del pr\u00f3ximo jueves 27, el toque de queda [&hellip;]<\/p>\n","protected":false},"author":1,"featured_media":0,"comment_status":"open","ping_status":"open","sticky":false,"template":"","format":"standard","meta":{"_bbp_topic_count":0,"_bbp_reply_count":0,"_bbp_total_topic_count":0,"_bbp_total_reply_count":0,"_bbp_voice_count":0,"_bbp_anonymous_reply_count":0,"_bbp_topic_count_hidden":0,"_bbp_reply_count_hidden":0,"_bbp_forum_subforum_count":0,"footnotes":""},"categories":[60,32],"tags":[],"class_list":{"0":"post-345038","1":"post","2":"type-post","3":"status-publish","4":"format-standard","6":"category-titulares-del-dia","7":"category-lo-ultimo"},"_links":{"self":[{"href":"https:\/\/primermomento.com\/index.php?rest_route=\/wp\/v2\/posts\/345038","targetHints":{"allow":["GET"]}}],"collection":[{"href":"https:\/\/primermomento.com\/index.php?rest_route=\/wp\/v2\/posts"}],"about":[{"href":"https:\/\/primermomento.com\/index.php?rest_route=\/wp\/v2\/types\/post"}],"author":[{"embeddable":true,"href":"https:\/\/primermomento.com\/index.php?rest_route=\/wp\/v2\/users\/1"}],"replies":[{"embeddable":true,"href":"https:\/\/primermomento.com\/index.php?rest_route=%2Fwp%2Fv2%2Fcomments&post=345038"}],"version-history":[{"count":6,"href":"https:\/\/primermomento.com\/index.php?rest_route=\/wp\/v2\/posts\/345038\/revisions"}],"predecessor-version":[{"id":345046,"href":"https:\/\/primermomento.com\/index.php?rest_route=\/wp\/v2\/posts\/345038\/revisions\/345046"}],"wp:attachment":[{"href":"https:\/\/primermomento.com\/index.php?rest_route=%2Fwp%2Fv2%2Fmedia&parent=345038"}],"wp:term":[{"taxonomy":"category","embeddable":true,"href":"https:\/\/primermomento.com\/index.php?rest_route=%2Fwp%2Fv2%2Fcategories&post=345038"},{"taxonomy":"post_tag","embeddable":true,"href":"https:\/\/primermomento.com\/index.php?rest_route=%2Fwp%2Fv2%2Ftags&post=345038"}],"curies":[{"name":"wp","href":"https:\/\/api.w.org\/{rel}","templated":true}]}}