{"id":345255,"date":"2021-05-30T15:48:34","date_gmt":"2021-05-30T19:48:34","guid":{"rendered":"http:\/\/primermomento.com\/?p=345255"},"modified":"2021-05-30T15:48:35","modified_gmt":"2021-05-30T19:48:35","slug":"intimaran-a-ministro-roberto-fulcar-por-docencia-semipresencial","status":"publish","type":"post","link":"https:\/\/primermomento.com\/?p=345255","title":{"rendered":"Intimar\u00e1n a ministro Roberto Fulcar por docencia semipresencial"},"content":{"rendered":"\n<p>SANTO DOMINGO, Rep\u00fablica Dominicana.- La Fundaci\u00f3n Justicia y Transparencia (FJT) dio a conocer hoy que intimar\u00e1 ante la Justicia al ministro de Educaci\u00f3n, Roberto Fulcar, por mantener el llamado a la docencia semipresencial en el pa\u00eds a pesar del \u00abdescomunal\u00bb incremento de los casos de covid-19.<\/p>\n\n\n\n<div class=\"wp-block-image\"><figure class=\"aligncenter size-large\"><img loading=\"lazy\" decoding=\"async\" width=\"728\" height=\"410\" src=\"http:\/\/primermomento.com\/wp-content\/uploads\/2020\/09\/roberto-fulcar3.jpg\" alt=\"\" class=\"wp-image-334062\" srcset=\"https:\/\/primermomento.com\/wp-content\/uploads\/2020\/09\/roberto-fulcar3.jpg 728w, https:\/\/primermomento.com\/wp-content\/uploads\/2020\/09\/roberto-fulcar3-300x169.jpg 300w, https:\/\/primermomento.com\/wp-content\/uploads\/2020\/09\/roberto-fulcar3-478x270.jpg 478w, https:\/\/primermomento.com\/wp-content\/uploads\/2020\/09\/roberto-fulcar3-500x282.jpg 500w, https:\/\/primermomento.com\/wp-content\/uploads\/2020\/09\/roberto-fulcar3-280x158.jpg 280w, https:\/\/primermomento.com\/wp-content\/uploads\/2020\/09\/roberto-fulcar3-638x359.jpg 638w, https:\/\/primermomento.com\/wp-content\/uploads\/2020\/09\/roberto-fulcar3-118x66.jpg 118w, https:\/\/primermomento.com\/wp-content\/uploads\/2020\/09\/roberto-fulcar3-479x270.jpg 479w\" sizes=\"auto, (max-width: 728px) 100vw, 728px\" \/><figcaption>Roberto Fulcar, ministro de Educaci\u00f3n.<\/figcaption><\/figure><\/div>\n\n\n\n<p>El presidente de la fundaci\u00f3n, Trajano Potentini, consider\u00f3 en un comunicado como \u00abirracional\u00bb e \u00abimprudente\u00bb mantener las aulas abiertas ante el \u00abdescomunal\u00bb aumento de los casos de la enfermedad y la confirmaci\u00f3n de nuevas y \u00abm\u00e1s contagiosas\u00bb cepas de esta.<\/p>\n\n\n\n<p>La entidad dijo que por tercera ocasi\u00f3n hace p\u00fablico su posici\u00f3n en torno a lo \u00abpeligroso\u00bb en que se ha constituido la \u00abimprudencia\u00bb de Fulcar, y otros funcionarios del Gobierno, al insistir y abrir las \u00abclases presenciales\u00bb, faltando menos de dos meses para la conclusi\u00f3n del a\u00f1o escolar.<\/p>\n\n\n\n<p>Potentini llam\u00f3 a Fulcar a \u00abrecapacitar\u00bb y pensar en la salud del pueblo dominicano, al considerar que por la composici\u00f3n estad\u00edstica de los diversos segmentos poblacionales que convergen en las escuelas, se facilita una mayor expansi\u00f3n del contagio del coronavirus, abarcando e infectando lugares en los cuales, hasta el momento, no se ha presentado mucha incidencia de la enfermedad.<\/p>\n\n\n\n<p>El abogado sugiri\u00f3 a los ministerios de Educaci\u00f3n y Salud P\u00fablica, a adoptar una serie de directrices que permitir\u00edan, con la log\u00edstica y los protocolos de rigor, dar inicio en septiembre venidero a un nuevo a\u00f1o escolar de manera presencial, si as\u00ed las circunstancias lo permiten.<\/p>\n\n\n\n<p class=\"has-text-align-right\"><em>EFE<\/em><\/p>\n","protected":false},"excerpt":{"rendered":"<p>SANTO DOMINGO, Rep\u00fablica Dominicana.- La Fundaci\u00f3n Justicia y Transparencia (FJT) dio a conocer hoy que intimar\u00e1 ante la Justicia al ministro de Educaci\u00f3n, Roberto Fulcar, por mantener el llamado a la docencia semipresencial en el pa\u00eds a pesar del \u00abdescomunal\u00bb incremento de los casos de covid-19. El presidente de la fundaci\u00f3n, Trajano Potentini, consider\u00f3 en [&hellip;]<\/p>\n","protected":false},"author":1,"featured_media":0,"comment_status":"open","ping_status":"open","sticky":false,"template":"","format":"standard","meta":{"_bbp_topic_count":0,"_bbp_reply_count":0,"_bbp_total_topic_count":0,"_bbp_total_reply_count":0,"_bbp_voice_count":0,"_bbp_anonymous_reply_count":0,"_bbp_topic_count_hidden":0,"_bbp_reply_count_hidden":0,"_bbp_forum_subforum_count":0,"footnotes":""},"categories":[30,60],"tags":[],"class_list":{"0":"post-345255","1":"post","2":"type-post","3":"status-publish","4":"format-standard","6":"category-actualidad","7":"category-titulares-del-dia"},"_links":{"self":[{"href":"https:\/\/primermomento.com\/index.php?rest_route=\/wp\/v2\/posts\/345255","targetHints":{"allow":["GET"]}}],"collection":[{"href":"https:\/\/primermomento.com\/index.php?rest_route=\/wp\/v2\/posts"}],"about":[{"href":"https:\/\/primermomento.com\/index.php?rest_route=\/wp\/v2\/types\/post"}],"author":[{"embeddable":true,"href":"https:\/\/primermomento.com\/index.php?rest_route=\/wp\/v2\/users\/1"}],"replies":[{"embeddable":true,"href":"https:\/\/primermomento.com\/index.php?rest_route=%2Fwp%2Fv2%2Fcomments&post=345255"}],"version-history":[{"count":1,"href":"https:\/\/primermomento.com\/index.php?rest_route=\/wp\/v2\/posts\/345255\/revisions"}],"predecessor-version":[{"id":345256,"href":"https:\/\/primermomento.com\/index.php?rest_route=\/wp\/v2\/posts\/345255\/revisions\/345256"}],"wp:attachment":[{"href":"https:\/\/primermomento.com\/index.php?rest_route=%2Fwp%2Fv2%2Fmedia&parent=345255"}],"wp:term":[{"taxonomy":"category","embeddable":true,"href":"https:\/\/primermomento.com\/index.php?rest_route=%2Fwp%2Fv2%2Fcategories&post=345255"},{"taxonomy":"post_tag","embeddable":true,"href":"https:\/\/primermomento.com\/index.php?rest_route=%2Fwp%2Fv2%2Ftags&post=345255"}],"curies":[{"name":"wp","href":"https:\/\/api.w.org\/{rel}","templated":true}]}}