{"id":345260,"date":"2021-05-30T16:00:53","date_gmt":"2021-05-30T20:00:53","guid":{"rendered":"http:\/\/primermomento.com\/?p=345260"},"modified":"2021-05-30T16:01:22","modified_gmt":"2021-05-30T20:01:22","slug":"procudora-general-continua-investigaciones-de-corrupcion","status":"publish","type":"post","link":"https:\/\/primermomento.com\/?p=345260","title":{"rendered":"Procuradora general contin\u00faa investigaciones de corrupci\u00f3n"},"content":{"rendered":"\n<p>SANTO DOMINGO, Rep\u00fablica Dominicana.- La procuradora general de Rep\u00fablica Dominicana, Miriam Germ\u00e1n, se\u00f1al\u00f3 hoy que los fiscales encargados de investigar los casos de corrupci\u00f3n en curso en el pa\u00eds, contin\u00faan su trabajo con las pesquisas de lugar.<\/p>\n\n\n\n<div class=\"wp-block-image\"><figure class=\"aligncenter size-large\"><img loading=\"lazy\" decoding=\"async\" width=\"750\" height=\"391\" src=\"http:\/\/primermomento.com\/wp-content\/uploads\/2021\/02\/miriam-german-brito-investiga.jpg\" alt=\"\" class=\"wp-image-340538\" srcset=\"https:\/\/primermomento.com\/wp-content\/uploads\/2021\/02\/miriam-german-brito-investiga.jpg 750w, https:\/\/primermomento.com\/wp-content\/uploads\/2021\/02\/miriam-german-brito-investiga-300x156.jpg 300w, https:\/\/primermomento.com\/wp-content\/uploads\/2021\/02\/miriam-german-brito-investiga-500x261.jpg 500w, https:\/\/primermomento.com\/wp-content\/uploads\/2021\/02\/miriam-german-brito-investiga-280x146.jpg 280w, https:\/\/primermomento.com\/wp-content\/uploads\/2021\/02\/miriam-german-brito-investiga-638x333.jpg 638w, https:\/\/primermomento.com\/wp-content\/uploads\/2021\/02\/miriam-german-brito-investiga-118x62.jpg 118w, https:\/\/primermomento.com\/wp-content\/uploads\/2021\/02\/miriam-german-brito-investiga-479x250.jpg 479w\" sizes=\"auto, (max-width: 750px) 100vw, 750px\" \/><figcaption><em>Miriam Germ\u00e1n<\/em><\/figcaption><\/figure><\/div>\n\n\n\n<p>De acuerdo con un comunicado divulgado este domingo, la Procuradora General manifest\u00f3 que el personal de esa instituci\u00f3n es consciente del desaf\u00edo a enfrentar en su labor y trabajan sin permitir ning\u00fan incidente o acci\u00f3n que los detenga.<\/p>\n\n\n\n<p>En los \u00faltimos d\u00edas el Ministerio P\u00fablico detect\u00f3 acciones que compromet\u00edan la seguridad de diligencias efectuadas en el contexto de la Operaci\u00f3n anticorrupci\u00f3n Coral, dijo Germ\u00e1n, &#8216;sin embargo, estas est\u00e1n bajo investigaci\u00f3n&#8217;.<\/p>\n\n\n\n<p>Asimismo, precis\u00f3 que &#8216;debemos agradecer el inter\u00e9s de la ciudadan\u00eda, de los periodistas y de los medios informativos, en resguardar una labor que, como la lucha anticorrupci\u00f3n, nos concierne a todos&#8217;.<\/p>\n\n\n\n<p>El comunicado se produjo luego de que la v\u00edspera fuera denunciado un supuesto plan para atentar contra la directora de Persecuci\u00f3n de la Procuradur\u00eda General de la Rep\u00fablica Dominicana, Yeni Berenice.<\/p>\n\n\n\n<p>El texto se\u00f1ala que en el complot est\u00e1n involucrados altos oficiales vinculados a la Fuerza A\u00e9rea Dominicana y a la Armada.<\/p>\n\n\n\n<p>Berenice es una de las principales funcionarias de la Procuradur\u00eda General, quien junto a la Procuradora General y al procurador adjunto anticorrupci\u00f3n, Wilson Camacho, llevan adelante las investigaciones de casos de corrupci\u00f3n en los cuales est\u00e1n vinculados exfuncionarios del pasado gobierno y militares.<\/p>\n\n\n\n<p>Entre los casos est\u00e1n el mencionado Coral, en el que est\u00e1n involucrado el exdirector del Cuerpo Especializado de Seguridad Presidencial, mayor general Ad\u00e1n C\u00e1ceres, y el Antipulpo, donde uno de los principales acusados es Alexis Medina, hermano del expresidente Danilo Medina.<\/p>\n\n\n\n<p class=\"has-text-align-right\"><em>PL<\/em><\/p>\n","protected":false},"excerpt":{"rendered":"<p>SANTO DOMINGO, Rep\u00fablica Dominicana.- La procuradora general de Rep\u00fablica Dominicana, Miriam Germ\u00e1n, se\u00f1al\u00f3 hoy que los fiscales encargados de investigar los casos de corrupci\u00f3n en curso en el pa\u00eds, contin\u00faan su trabajo con las pesquisas de lugar. De acuerdo con un comunicado divulgado este domingo, la Procuradora General manifest\u00f3 que el personal de esa instituci\u00f3n [&hellip;]<\/p>\n","protected":false},"author":1,"featured_media":0,"comment_status":"open","ping_status":"open","sticky":false,"template":"","format":"standard","meta":{"_bbp_topic_count":0,"_bbp_reply_count":0,"_bbp_total_topic_count":0,"_bbp_total_reply_count":0,"_bbp_voice_count":0,"_bbp_anonymous_reply_count":0,"_bbp_topic_count_hidden":0,"_bbp_reply_count_hidden":0,"_bbp_forum_subforum_count":0,"footnotes":""},"categories":[30,60],"tags":[],"class_list":{"0":"post-345260","1":"post","2":"type-post","3":"status-publish","4":"format-standard","6":"category-actualidad","7":"category-titulares-del-dia"},"_links":{"self":[{"href":"https:\/\/primermomento.com\/index.php?rest_route=\/wp\/v2\/posts\/345260","targetHints":{"allow":["GET"]}}],"collection":[{"href":"https:\/\/primermomento.com\/index.php?rest_route=\/wp\/v2\/posts"}],"about":[{"href":"https:\/\/primermomento.com\/index.php?rest_route=\/wp\/v2\/types\/post"}],"author":[{"embeddable":true,"href":"https:\/\/primermomento.com\/index.php?rest_route=\/wp\/v2\/users\/1"}],"replies":[{"embeddable":true,"href":"https:\/\/primermomento.com\/index.php?rest_route=%2Fwp%2Fv2%2Fcomments&post=345260"}],"version-history":[{"count":2,"href":"https:\/\/primermomento.com\/index.php?rest_route=\/wp\/v2\/posts\/345260\/revisions"}],"predecessor-version":[{"id":345262,"href":"https:\/\/primermomento.com\/index.php?rest_route=\/wp\/v2\/posts\/345260\/revisions\/345262"}],"wp:attachment":[{"href":"https:\/\/primermomento.com\/index.php?rest_route=%2Fwp%2Fv2%2Fmedia&parent=345260"}],"wp:term":[{"taxonomy":"category","embeddable":true,"href":"https:\/\/primermomento.com\/index.php?rest_route=%2Fwp%2Fv2%2Fcategories&post=345260"},{"taxonomy":"post_tag","embeddable":true,"href":"https:\/\/primermomento.com\/index.php?rest_route=%2Fwp%2Fv2%2Ftags&post=345260"}],"curies":[{"name":"wp","href":"https:\/\/api.w.org\/{rel}","templated":true}]}}