{"id":345263,"date":"2021-05-30T16:25:58","date_gmt":"2021-05-30T20:25:58","guid":{"rendered":"http:\/\/primermomento.com\/?p=345263"},"modified":"2021-05-30T16:25:59","modified_gmt":"2021-05-30T20:25:59","slug":"banl-senador-franjul-visita-a-parturientas-en-el-dia-de-las-madres","status":"publish","type":"post","link":"https:\/\/primermomento.com\/?p=345263","title":{"rendered":"BAN\u013a | Senador Franjul visita a parturientas en el D\u00eda de las Madres"},"content":{"rendered":"\n<p>BAN\u013a, Rep\u00fablica Dominicana.- El senador Milc\u00edades Franjul, honr\u00f3 su palabra una vez m\u00e1s, al decir presente desde muy temprano en la ma\u00f1ana de hoy, en el hospital Nuestra Se\u00f1ora de Regla de esta ciudad de Ban\u00ed, lugar que durante casi dos d\u00e9cadas ha venido visitando el D\u00eda de las Madres.<\/p>\n\n\n\n<div class=\"wp-block-image\"><figure class=\"aligncenter size-large\"><img loading=\"lazy\" decoding=\"async\" width=\"676\" height=\"403\" src=\"http:\/\/primermomento.com\/wp-content\/uploads\/2021\/05\/Senador-Franjul-en-hospital.jpg\" alt=\"\" class=\"wp-image-345264\" srcset=\"https:\/\/primermomento.com\/wp-content\/uploads\/2021\/05\/Senador-Franjul-en-hospital.jpg 676w, https:\/\/primermomento.com\/wp-content\/uploads\/2021\/05\/Senador-Franjul-en-hospital-300x179.jpg 300w, https:\/\/primermomento.com\/wp-content\/uploads\/2021\/05\/Senador-Franjul-en-hospital-110x66.jpg 110w, https:\/\/primermomento.com\/wp-content\/uploads\/2021\/05\/Senador-Franjul-en-hospital-500x298.jpg 500w, https:\/\/primermomento.com\/wp-content\/uploads\/2021\/05\/Senador-Franjul-en-hospital-280x167.jpg 280w, https:\/\/primermomento.com\/wp-content\/uploads\/2021\/05\/Senador-Franjul-en-hospital-638x380.jpg 638w, https:\/\/primermomento.com\/wp-content\/uploads\/2021\/05\/Senador-Franjul-en-hospital-118x70.jpg 118w, https:\/\/primermomento.com\/wp-content\/uploads\/2021\/05\/Senador-Franjul-en-hospital-479x286.jpg 479w\" sizes=\"auto, (max-width: 676px) 100vw, 676px\" \/><\/figure><\/div>\n\n\n\n<p>El \u00e1rea de maternidad es el elegido por el congresistas, quien entrega canastillas a las reci\u00e9n paridas, comparte con ellas, y lleva un mensaje de aliento a trav\u00e9s de la palabra de Dios.<\/p>\n\n\n\n<p>La alegr\u00eda, muy evidente en el rostro de aquellas, es uno de los motivos de Franjul, quien destaca el valor y la trascendencia de las madres en la sociedad.<\/p>\n\n\n\n<p>\u00abHoy, c\u00f3mo hace muchos a\u00f1os, estoy aqu\u00ed con ustedes, humildes mujeres, que se convierten en madres, y mi primera visita en este d\u00eda tan especial es para ustedes, dese\u00e1ndole muchas bendiciones, y que puedan guiar a sus hijos, por un buen camino y lograr que sean hombres y mujeres de bien, para nuestra sociedad, y elev\u00f3 una oraci\u00f3n al Dios todo poderoso, para que as\u00ed sea\u00bb, expres\u00f3 Milciades.<\/p>\n\n\n\n<p>Tanto el personal m\u00e9dico, c\u00f3mo las madres presentes en el lugar, agradecieron el gesto y la distinci\u00f3n del senador, destacando la humildad que lo caracteriza, y dese\u00e1ndole salud, y muchas fuerzas.<\/p>\n\n\n\n<p>Franjul ha venido desarrollando varios encuentros en diferentes puntos de la provincia Peravia, llevando regalos a cientos de madres, a las cuales pide entre otras cosas, cuidar su salud, vacunarse contra el Covid-19 y respetar el protocolo del Ministerio de Salud P\u00fablica.<\/p>\n\n\n\n<p class=\"has-text-align-right\"><em>Jos\u00e9 Castillo<\/em><\/p>\n","protected":false},"excerpt":{"rendered":"<p>BAN\u013a, Rep\u00fablica Dominicana.- El senador Milc\u00edades Franjul, honr\u00f3 su palabra una vez m\u00e1s, al decir presente desde muy temprano en la ma\u00f1ana de hoy, en el hospital Nuestra Se\u00f1ora de Regla de esta ciudad de Ban\u00ed, lugar que durante casi dos d\u00e9cadas ha venido visitando el D\u00eda de las Madres. El \u00e1rea de maternidad es [&hellip;]<\/p>\n","protected":false},"author":1,"featured_media":0,"comment_status":"open","ping_status":"open","sticky":false,"template":"","format":"standard","meta":{"_bbp_topic_count":0,"_bbp_reply_count":0,"_bbp_total_topic_count":0,"_bbp_total_reply_count":0,"_bbp_voice_count":0,"_bbp_anonymous_reply_count":0,"_bbp_topic_count_hidden":0,"_bbp_reply_count_hidden":0,"_bbp_forum_subforum_count":0,"footnotes":""},"categories":[60,32],"tags":[],"class_list":{"0":"post-345263","1":"post","2":"type-post","3":"status-publish","4":"format-standard","6":"category-titulares-del-dia","7":"category-lo-ultimo"},"_links":{"self":[{"href":"https:\/\/primermomento.com\/index.php?rest_route=\/wp\/v2\/posts\/345263","targetHints":{"allow":["GET"]}}],"collection":[{"href":"https:\/\/primermomento.com\/index.php?rest_route=\/wp\/v2\/posts"}],"about":[{"href":"https:\/\/primermomento.com\/index.php?rest_route=\/wp\/v2\/types\/post"}],"author":[{"embeddable":true,"href":"https:\/\/primermomento.com\/index.php?rest_route=\/wp\/v2\/users\/1"}],"replies":[{"embeddable":true,"href":"https:\/\/primermomento.com\/index.php?rest_route=%2Fwp%2Fv2%2Fcomments&post=345263"}],"version-history":[{"count":1,"href":"https:\/\/primermomento.com\/index.php?rest_route=\/wp\/v2\/posts\/345263\/revisions"}],"predecessor-version":[{"id":345265,"href":"https:\/\/primermomento.com\/index.php?rest_route=\/wp\/v2\/posts\/345263\/revisions\/345265"}],"wp:attachment":[{"href":"https:\/\/primermomento.com\/index.php?rest_route=%2Fwp%2Fv2%2Fmedia&parent=345263"}],"wp:term":[{"taxonomy":"category","embeddable":true,"href":"https:\/\/primermomento.com\/index.php?rest_route=%2Fwp%2Fv2%2Fcategories&post=345263"},{"taxonomy":"post_tag","embeddable":true,"href":"https:\/\/primermomento.com\/index.php?rest_route=%2Fwp%2Fv2%2Ftags&post=345263"}],"curies":[{"name":"wp","href":"https:\/\/api.w.org\/{rel}","templated":true}]}}