{"id":345266,"date":"2021-05-31T15:30:00","date_gmt":"2021-05-31T19:30:00","guid":{"rendered":"http:\/\/primermomento.com\/?p=345266"},"modified":"2021-05-31T15:49:27","modified_gmt":"2021-05-31T19:49:27","slug":"bani-un-muerto-y-varios-heridos-en-enfrentamiento-a-tiros","status":"publish","type":"post","link":"https:\/\/primermomento.com\/?p=345266","title":{"rendered":"BAN\u00cd | Un muerto y varios heridos en un enfrentamiento a tiros"},"content":{"rendered":"\n<p>BAN\u00cd, Rep\u00fablica Dominicana.- Un muerto y varios heridos dej\u00f3 un enfrentamiento a tiros frente a un establecimiento comercial en el sector de Pueblo en el horario del toque de queda por la Covid-19, en la parte norte del municipio de aqu\u00ed, este domingo cuando se celebraba el D\u00eda de las Madres dominicanas.<\/p>\n\n\n\n<div class=\"wp-block-image\"><figure class=\"aligncenter size-large\"><img loading=\"lazy\" decoding=\"async\" width=\"638\" height=\"301\" src=\"http:\/\/primermomento.com\/wp-content\/uploads\/2021\/05\/Balacera-Pueblo-Nuevo.jpg\" alt=\"\" class=\"wp-image-345267\" srcset=\"https:\/\/primermomento.com\/wp-content\/uploads\/2021\/05\/Balacera-Pueblo-Nuevo.jpg 638w, https:\/\/primermomento.com\/wp-content\/uploads\/2021\/05\/Balacera-Pueblo-Nuevo-300x142.jpg 300w, https:\/\/primermomento.com\/wp-content\/uploads\/2021\/05\/Balacera-Pueblo-Nuevo-500x236.jpg 500w, https:\/\/primermomento.com\/wp-content\/uploads\/2021\/05\/Balacera-Pueblo-Nuevo-280x132.jpg 280w, https:\/\/primermomento.com\/wp-content\/uploads\/2021\/05\/Balacera-Pueblo-Nuevo-118x56.jpg 118w, https:\/\/primermomento.com\/wp-content\/uploads\/2021\/05\/Balacera-Pueblo-Nuevo-479x226.jpg 479w\" sizes=\"auto, (max-width: 638px) 100vw, 638px\" \/><\/figure><\/div>\n\n\n\n<p>La v\u00edctima respond\u00eda al nombre de Ysmael de los Santos Peguero, de 27 a\u00f1os de edad, quien recibi\u00f3 un disparo en la cabeza.<\/p>\n\n\n\n<p>El m\u00e9dico legista Walter L\u00f3pez, en compa\u00f1\u00eda de una representante del Ministerio P\u00fablico y varios agentes del departamento de Investigaciones Criminales y la Polic\u00eda Cient\u00edfica, certific\u00f3 la muerte violenta.<\/p>\n\n\n\n<p>Seguidamente, el cuerpo sin vida fue enviado al Instituto Regional de Patolog\u00eda Forense, INACIF, para la autopsia de rigor.<\/p>\n\n\n\n<p>Uno de los heridos fue identificado como Erick Tejeda, de 24 a\u00f1os de edad, y se encuentra en estado cr\u00edtico. Aun no se han revelado las identidades de los otros lesionados.<\/p>\n\n\n\n<p>Las autoridades policiales investigan el hecho sobre la base de un aparente altercado por razones personales.<\/p>\n\n\n\n<p>De manera extraoficial, se ha informado de varios hechos de violencia en diferentes partes del municipio y la provincia Peravia, en ocasi\u00f3n de haberse celebrado el D\u00eda de las Madres dominicanas.<\/p>\n","protected":false},"excerpt":{"rendered":"<p>BAN\u00cd, Rep\u00fablica Dominicana.- Un muerto y varios heridos dej\u00f3 un enfrentamiento a tiros frente a un establecimiento comercial en el sector de Pueblo en el horario del toque de queda por la Covid-19, en la parte norte del municipio de aqu\u00ed, este domingo cuando se celebraba el D\u00eda de las Madres dominicanas. La v\u00edctima respond\u00eda [&hellip;]<\/p>\n","protected":false},"author":1,"featured_media":0,"comment_status":"open","ping_status":"open","sticky":false,"template":"","format":"standard","meta":{"_bbp_topic_count":0,"_bbp_reply_count":0,"_bbp_total_topic_count":0,"_bbp_total_reply_count":0,"_bbp_voice_count":0,"_bbp_anonymous_reply_count":0,"_bbp_topic_count_hidden":0,"_bbp_reply_count_hidden":0,"_bbp_forum_subforum_count":0,"footnotes":""},"categories":[30,60],"tags":[],"class_list":{"0":"post-345266","1":"post","2":"type-post","3":"status-publish","4":"format-standard","6":"category-actualidad","7":"category-titulares-del-dia"},"_links":{"self":[{"href":"https:\/\/primermomento.com\/index.php?rest_route=\/wp\/v2\/posts\/345266","targetHints":{"allow":["GET"]}}],"collection":[{"href":"https:\/\/primermomento.com\/index.php?rest_route=\/wp\/v2\/posts"}],"about":[{"href":"https:\/\/primermomento.com\/index.php?rest_route=\/wp\/v2\/types\/post"}],"author":[{"embeddable":true,"href":"https:\/\/primermomento.com\/index.php?rest_route=\/wp\/v2\/users\/1"}],"replies":[{"embeddable":true,"href":"https:\/\/primermomento.com\/index.php?rest_route=%2Fwp%2Fv2%2Fcomments&post=345266"}],"version-history":[{"count":4,"href":"https:\/\/primermomento.com\/index.php?rest_route=\/wp\/v2\/posts\/345266\/revisions"}],"predecessor-version":[{"id":345275,"href":"https:\/\/primermomento.com\/index.php?rest_route=\/wp\/v2\/posts\/345266\/revisions\/345275"}],"wp:attachment":[{"href":"https:\/\/primermomento.com\/index.php?rest_route=%2Fwp%2Fv2%2Fmedia&parent=345266"}],"wp:term":[{"taxonomy":"category","embeddable":true,"href":"https:\/\/primermomento.com\/index.php?rest_route=%2Fwp%2Fv2%2Fcategories&post=345266"},{"taxonomy":"post_tag","embeddable":true,"href":"https:\/\/primermomento.com\/index.php?rest_route=%2Fwp%2Fv2%2Ftags&post=345266"}],"curies":[{"name":"wp","href":"https:\/\/api.w.org\/{rel}","templated":true}]}}