{"id":345279,"date":"2021-05-31T15:38:43","date_gmt":"2021-05-31T19:38:43","guid":{"rendered":"http:\/\/primermomento.com\/?p=345279"},"modified":"2021-05-31T15:38:44","modified_gmt":"2021-05-31T19:38:44","slug":"banl-ejecutan-obras-prioritarias-en-varios-sectores-del-municipio","status":"publish","type":"post","link":"https:\/\/primermomento.com\/?p=345279","title":{"rendered":"BAN\u013a | Ejecutan obras prioritarias en varios sectores del municipio"},"content":{"rendered":"\n<p>BAN\u013a, Rep\u00fablica Dominicana.- Tanto de forma administrativa como de la modalidad de Presupuesto Participativo, el alcalde Santo Ram\u00edrez ha estado ejecutando obras de prioridad en varios sectores del municipio.<\/p>\n\n\n\n<div class=\"wp-block-image\"><figure class=\"aligncenter size-large\"><img loading=\"lazy\" decoding=\"async\" width=\"713\" height=\"476\" src=\"http:\/\/primermomento.com\/wp-content\/uploads\/2021\/05\/Hormigonado-callejon-Don-Isidro-21.jpg\" alt=\"\" class=\"wp-image-345280\" srcset=\"https:\/\/primermomento.com\/wp-content\/uploads\/2021\/05\/Hormigonado-callejon-Don-Isidro-21.jpg 713w, https:\/\/primermomento.com\/wp-content\/uploads\/2021\/05\/Hormigonado-callejon-Don-Isidro-21-300x200.jpg 300w, https:\/\/primermomento.com\/wp-content\/uploads\/2021\/05\/Hormigonado-callejon-Don-Isidro-21-73x50.jpg 73w, https:\/\/primermomento.com\/wp-content\/uploads\/2021\/05\/Hormigonado-callejon-Don-Isidro-21-500x334.jpg 500w, https:\/\/primermomento.com\/wp-content\/uploads\/2021\/05\/Hormigonado-callejon-Don-Isidro-21-280x187.jpg 280w, https:\/\/primermomento.com\/wp-content\/uploads\/2021\/05\/Hormigonado-callejon-Don-Isidro-21-60x40.jpg 60w, https:\/\/primermomento.com\/wp-content\/uploads\/2021\/05\/Hormigonado-callejon-Don-Isidro-21-638x426.jpg 638w, https:\/\/primermomento.com\/wp-content\/uploads\/2021\/05\/Hormigonado-callejon-Don-Isidro-21-118x79.jpg 118w, https:\/\/primermomento.com\/wp-content\/uploads\/2021\/05\/Hormigonado-callejon-Don-Isidro-21-479x320.jpg 479w\" sizes=\"auto, (max-width: 713px) 100vw, 713px\" \/><\/figure><\/div>\n\n\n\n<p>Dentro de los proyectos contemplados en el programa \u201cMejorando la Vida del Barrio\u201d, los cuales se desarrollan fuera del PP, se encuentran el hormigonado del callej\u00f3n Don Isidro en El Fundo, donde los trabajos van muy avanzados y se pretende que muy pronto se entregue totalmente listo para los residentes de la zona.<\/p>\n\n\n\n<p>Mientras que en la modalidad de PPM, se culminaron las reparaciones de 13 viviendas para personas de escasos recursos en Los Cajuilitos Arriba, y al mismo tiempo buscan continuar pr\u00f3ximamente con estas labores en Sabanita Escondido.<\/p>\n\n\n\n<p>Los habitantes de estas localidades se sintieron m\u00e1s que complacidos tras ser escuchadas sus peticiones, ya que sus viviendas ten\u00edan el techo deteriorado lo que provocaba que se mojaran sus ajuares cuando llov\u00eda, materiales que se volvieron a colocar totalmente nuevos.<\/p>\n\n\n\n<p>Estas asistencias sociales tienen como objetivo primordial contribuir con una mejor calidad de vida de la ciudadan\u00eda en sentido general.<\/p>\n","protected":false},"excerpt":{"rendered":"<p>BAN\u013a, Rep\u00fablica Dominicana.- Tanto de forma administrativa como de la modalidad de Presupuesto Participativo, el alcalde Santo Ram\u00edrez ha estado ejecutando obras de prioridad en varios sectores del municipio. Dentro de los proyectos contemplados en el programa \u201cMejorando la Vida del Barrio\u201d, los cuales se desarrollan fuera del PP, se encuentran el hormigonado del callej\u00f3n [&hellip;]<\/p>\n","protected":false},"author":1,"featured_media":0,"comment_status":"open","ping_status":"open","sticky":false,"template":"","format":"standard","meta":{"_bbp_topic_count":0,"_bbp_reply_count":0,"_bbp_total_topic_count":0,"_bbp_total_reply_count":0,"_bbp_voice_count":0,"_bbp_anonymous_reply_count":0,"_bbp_topic_count_hidden":0,"_bbp_reply_count_hidden":0,"_bbp_forum_subforum_count":0,"footnotes":""},"categories":[60,32],"tags":[],"class_list":{"0":"post-345279","1":"post","2":"type-post","3":"status-publish","4":"format-standard","6":"category-titulares-del-dia","7":"category-lo-ultimo"},"_links":{"self":[{"href":"https:\/\/primermomento.com\/index.php?rest_route=\/wp\/v2\/posts\/345279","targetHints":{"allow":["GET"]}}],"collection":[{"href":"https:\/\/primermomento.com\/index.php?rest_route=\/wp\/v2\/posts"}],"about":[{"href":"https:\/\/primermomento.com\/index.php?rest_route=\/wp\/v2\/types\/post"}],"author":[{"embeddable":true,"href":"https:\/\/primermomento.com\/index.php?rest_route=\/wp\/v2\/users\/1"}],"replies":[{"embeddable":true,"href":"https:\/\/primermomento.com\/index.php?rest_route=%2Fwp%2Fv2%2Fcomments&post=345279"}],"version-history":[{"count":1,"href":"https:\/\/primermomento.com\/index.php?rest_route=\/wp\/v2\/posts\/345279\/revisions"}],"predecessor-version":[{"id":345281,"href":"https:\/\/primermomento.com\/index.php?rest_route=\/wp\/v2\/posts\/345279\/revisions\/345281"}],"wp:attachment":[{"href":"https:\/\/primermomento.com\/index.php?rest_route=%2Fwp%2Fv2%2Fmedia&parent=345279"}],"wp:term":[{"taxonomy":"category","embeddable":true,"href":"https:\/\/primermomento.com\/index.php?rest_route=%2Fwp%2Fv2%2Fcategories&post=345279"},{"taxonomy":"post_tag","embeddable":true,"href":"https:\/\/primermomento.com\/index.php?rest_route=%2Fwp%2Fv2%2Ftags&post=345279"}],"curies":[{"name":"wp","href":"https:\/\/api.w.org\/{rel}","templated":true}]}}