{"id":345282,"date":"2021-05-31T08:38:00","date_gmt":"2021-05-31T12:38:00","guid":{"rendered":"http:\/\/primermomento.com\/?p=345282"},"modified":"2021-05-31T15:41:12","modified_gmt":"2021-05-31T19:41:12","slug":"encuesta-establece-sammy-ravelo-favorito-a-ocupar-presidencia-del-condado-el-bronx","status":"publish","type":"post","link":"https:\/\/primermomento.com\/?p=345282","title":{"rendered":"Encuesta establece Sammy Ravelo favorito a ocupar Presidencia del condado El Bronx"},"content":{"rendered":"\n<p>NUEVA YORK, EEUU.- Una encuesta realizada la semana pasada entre votantes en El Bronx por\u00a0\u201cPeople\u2019s Voice Party\u201d establece que el candidato a la presidencia de dicho condado, Sammy Ravelo, es el favorito entre los constituyentes para ocupar la posici\u00f3n.<\/p>\n\n\n\n<div class=\"wp-block-image\"><figure class=\"aligncenter size-large\"><img loading=\"lazy\" decoding=\"async\" width=\"788\" height=\"399\" src=\"http:\/\/primermomento.com\/wp-content\/uploads\/2021\/05\/Encuesta-establece-Sammy-Ravelo-favorito-ocupar-presidencia-condado-El-Bronx.jpg\" alt=\"\" class=\"wp-image-345283\" srcset=\"https:\/\/primermomento.com\/wp-content\/uploads\/2021\/05\/Encuesta-establece-Sammy-Ravelo-favorito-ocupar-presidencia-condado-El-Bronx.jpg 788w, https:\/\/primermomento.com\/wp-content\/uploads\/2021\/05\/Encuesta-establece-Sammy-Ravelo-favorito-ocupar-presidencia-condado-El-Bronx-300x152.jpg 300w, https:\/\/primermomento.com\/wp-content\/uploads\/2021\/05\/Encuesta-establece-Sammy-Ravelo-favorito-ocupar-presidencia-condado-El-Bronx-768x389.jpg 768w, https:\/\/primermomento.com\/wp-content\/uploads\/2021\/05\/Encuesta-establece-Sammy-Ravelo-favorito-ocupar-presidencia-condado-El-Bronx-500x253.jpg 500w, https:\/\/primermomento.com\/wp-content\/uploads\/2021\/05\/Encuesta-establece-Sammy-Ravelo-favorito-ocupar-presidencia-condado-El-Bronx-280x142.jpg 280w, https:\/\/primermomento.com\/wp-content\/uploads\/2021\/05\/Encuesta-establece-Sammy-Ravelo-favorito-ocupar-presidencia-condado-El-Bronx-638x323.jpg 638w, https:\/\/primermomento.com\/wp-content\/uploads\/2021\/05\/Encuesta-establece-Sammy-Ravelo-favorito-ocupar-presidencia-condado-El-Bronx-118x60.jpg 118w, https:\/\/primermomento.com\/wp-content\/uploads\/2021\/05\/Encuesta-establece-Sammy-Ravelo-favorito-ocupar-presidencia-condado-El-Bronx-479x243.jpg 479w\" sizes=\"auto, (max-width: 788px) 100vw, 788px\" \/><\/figure><\/div>\n\n\n\n<p>Ravelo, un ex teniente del Departamento de la Polic\u00eda de NY y ex veterano de la guerra de Irak, obtuvo entre los 300 encuestados, un 21% de simpat\u00eda; luego la concejal Vanessa Gibson un 20%; Nathalia Fern\u00e1ndez un 18%; el concejal Fernando Cabrera un 15%; y el senador estatal Luis Sep\u00falveda un 7%.<\/p>\n\n\n\n<p>Un 19% expres\u00f3 que todav\u00eda no han decidido por quien ejercer el sufragio.<\/p>\n\n\n\n<p>Muchos de los encuestados manifestaron que prefieren a Ravelo porque sirvi\u00f3 como polic\u00eda por m\u00e1s de 25 a\u00f1os en El Bronx, que, a\u00f1adido a su experiencia como militar, es el \u00fanico candidato que tiene soluciones para combatir esta ola de delincuencia, asesinatos y tiroteos que nos afecta.&nbsp;<\/p>\n\n\n\n<p>El candidato ha asegurado a los residentes del condado que es tiempo de mantener la ley y el orden no solo en el condado, tambi\u00e9n en toda la Gran Manzana.<\/p>\n\n\n\n<p>Recientemente la Asociaci\u00f3n de Capitanes de Polic\u00eda de Estados Unidos lo endos\u00f3.<\/p>\n\n\n\n<p>Las elecciones primarias del Partido Dem\u00f3crata se llevar\u00e1n a cabo el pr\u00f3ximo d\u00eda 22 del presente mes y quien resulte ganador es seguro electo en las pr\u00f3ximas elecciones generales a celebrarse el tres de noviembre, debido a que el 80% de los residentes en NYC son dem\u00f3cratas.<\/p>\n\n\n\n<p class=\"has-text-align-right\"><em>Ram\u00f3n Mercedes<\/em><\/p>\n","protected":false},"excerpt":{"rendered":"<p>NUEVA YORK, EEUU.- Una encuesta realizada la semana pasada entre votantes en El Bronx por\u00a0\u201cPeople\u2019s Voice Party\u201d establece que el candidato a la presidencia de dicho condado, Sammy Ravelo, es el favorito entre los constituyentes para ocupar la posici\u00f3n. Ravelo, un ex teniente del Departamento de la Polic\u00eda de NY y ex veterano de la [&hellip;]<\/p>\n","protected":false},"author":1,"featured_media":0,"comment_status":"open","ping_status":"open","sticky":false,"template":"","format":"standard","meta":{"_bbp_topic_count":0,"_bbp_reply_count":0,"_bbp_total_topic_count":0,"_bbp_total_reply_count":0,"_bbp_voice_count":0,"_bbp_anonymous_reply_count":0,"_bbp_topic_count_hidden":0,"_bbp_reply_count_hidden":0,"_bbp_forum_subforum_count":0,"footnotes":""},"categories":[60,31],"tags":[],"class_list":{"0":"post-345282","1":"post","2":"type-post","3":"status-publish","4":"format-standard","6":"category-titulares-del-dia","7":"category-estados-unidos"},"_links":{"self":[{"href":"https:\/\/primermomento.com\/index.php?rest_route=\/wp\/v2\/posts\/345282","targetHints":{"allow":["GET"]}}],"collection":[{"href":"https:\/\/primermomento.com\/index.php?rest_route=\/wp\/v2\/posts"}],"about":[{"href":"https:\/\/primermomento.com\/index.php?rest_route=\/wp\/v2\/types\/post"}],"author":[{"embeddable":true,"href":"https:\/\/primermomento.com\/index.php?rest_route=\/wp\/v2\/users\/1"}],"replies":[{"embeddable":true,"href":"https:\/\/primermomento.com\/index.php?rest_route=%2Fwp%2Fv2%2Fcomments&post=345282"}],"version-history":[{"count":1,"href":"https:\/\/primermomento.com\/index.php?rest_route=\/wp\/v2\/posts\/345282\/revisions"}],"predecessor-version":[{"id":345284,"href":"https:\/\/primermomento.com\/index.php?rest_route=\/wp\/v2\/posts\/345282\/revisions\/345284"}],"wp:attachment":[{"href":"https:\/\/primermomento.com\/index.php?rest_route=%2Fwp%2Fv2%2Fmedia&parent=345282"}],"wp:term":[{"taxonomy":"category","embeddable":true,"href":"https:\/\/primermomento.com\/index.php?rest_route=%2Fwp%2Fv2%2Fcategories&post=345282"},{"taxonomy":"post_tag","embeddable":true,"href":"https:\/\/primermomento.com\/index.php?rest_route=%2Fwp%2Fv2%2Ftags&post=345282"}],"curies":[{"name":"wp","href":"https:\/\/api.w.org\/{rel}","templated":true}]}}