{"id":345285,"date":"2021-05-31T08:41:00","date_gmt":"2021-05-31T12:41:00","guid":{"rendered":"http:\/\/primermomento.com\/?p=345285"},"modified":"2021-05-31T15:43:15","modified_gmt":"2021-05-31T19:43:15","slug":"congresistas-de-ny-respaldan-a-tali-farhadian-para-fiscal-del-distrito-de-manhattan","status":"publish","type":"post","link":"https:\/\/primermomento.com\/?p=345285","title":{"rendered":"Congresistas de NY respaldan a Tali Farhadian para fiscal del Distrito de Manhattan"},"content":{"rendered":"\n<p>NUEVA YORK, EEUU.- Varios congresistas hispanos en esta ciudad decidieron respaldar a la abogada Tali Farhadian Weinstein para la posici\u00f3n de fiscal del Distrito de Manhattan, debido a que promueve la justicia, y las personas de nuestras comunidades de inmigrantes tendr\u00e1n sus derechos protegidos.<\/p>\n\n\n\n<figure class=\"wp-block-image size-large\"><img loading=\"lazy\" decoding=\"async\" width=\"840\" height=\"200\" src=\"http:\/\/primermomento.com\/wp-content\/uploads\/2021\/05\/Congresistas-NY-respaldan-a-Tali-Farhadian-para-fiscal-Distrito-Manhattan.jpg\" alt=\"\" class=\"wp-image-345286\" srcset=\"https:\/\/primermomento.com\/wp-content\/uploads\/2021\/05\/Congresistas-NY-respaldan-a-Tali-Farhadian-para-fiscal-Distrito-Manhattan.jpg 840w, https:\/\/primermomento.com\/wp-content\/uploads\/2021\/05\/Congresistas-NY-respaldan-a-Tali-Farhadian-para-fiscal-Distrito-Manhattan-300x71.jpg 300w, https:\/\/primermomento.com\/wp-content\/uploads\/2021\/05\/Congresistas-NY-respaldan-a-Tali-Farhadian-para-fiscal-Distrito-Manhattan-768x183.jpg 768w, https:\/\/primermomento.com\/wp-content\/uploads\/2021\/05\/Congresistas-NY-respaldan-a-Tali-Farhadian-para-fiscal-Distrito-Manhattan-500x119.jpg 500w, https:\/\/primermomento.com\/wp-content\/uploads\/2021\/05\/Congresistas-NY-respaldan-a-Tali-Farhadian-para-fiscal-Distrito-Manhattan-280x67.jpg 280w, https:\/\/primermomento.com\/wp-content\/uploads\/2021\/05\/Congresistas-NY-respaldan-a-Tali-Farhadian-para-fiscal-Distrito-Manhattan-638x152.jpg 638w, https:\/\/primermomento.com\/wp-content\/uploads\/2021\/05\/Congresistas-NY-respaldan-a-Tali-Farhadian-para-fiscal-Distrito-Manhattan-118x28.jpg 118w, https:\/\/primermomento.com\/wp-content\/uploads\/2021\/05\/Congresistas-NY-respaldan-a-Tali-Farhadian-para-fiscal-Distrito-Manhattan-479x114.jpg 479w\" sizes=\"auto, (max-width: 840px) 100vw, 840px\" \/><\/figure>\n\n\n\n<p>Los influyentes legisladores entre las diferentes etnias en la Gran Manzana son Adriano Espaillat, Nidia Vel\u00e1zquez y Ritchie Torres.<\/p>\n\n\n\n<p>Por su parte, Espaillat sostiene: \u201cEn un momento en que el sistema de justicia penal est\u00e1 fallando a tantos, NY necesita un fiscal experimentado, compasivo y emp\u00e1tico que pueda hacer justicia para todos y Tali sabe que la recuperaci\u00f3n y la prosperidad de nuestra ciudad dependen de la seguridad\u201d.<\/p>\n\n\n\n<p>Mientras, Vel\u00e1zquez expres\u00f3: \u201cTali es la persona que necesitamos en este momento cr\u00edtico para enfrentar duras realidades y encarar la recuperaci\u00f3n en nuestra ciudad. Ella es la \u00fanica candidata a fiscal con experiencia en dar vida a la reforma de la justicia penal\u201d.<\/p>\n\n\n\n<p>Agregando: \u201cDesde mantener a ICE fuera de los tribunales hasta sus profundos compromisos con el juego limpio y la protecci\u00f3n de todos los neoyorquinos sin importar raza, religi\u00f3n, orientaci\u00f3n sexual o estado migratorio, estoy encantada de respaldarla\u00bb, sostuvo la congresista.<\/p>\n\n\n\n<p>Y Torres indic\u00f3: \u201cLa estrella del norte de Tali siempre ha sido proteger las comunidades vulnerables. \u201cMe inspira su liderazgo en Brooklyn, donde dirigi\u00f3 el dise\u00f1o de la primera Oficina de Justicia Post-Convicci\u00f3n en los Estados Unidos, e implement\u00f3 otras reformas de justicia penal productivas y efectivas, esperando que traiga su liderazgo y experiencias a Manhattan\u201d, dijo.<\/p>\n\n\n\n<p>La candidata al dar las gracias por el respaldo recibido, sostuvo: \u201cEspaillat, Vel\u00e1zquez y Torres representan lo mejor de nuestro pa\u00eds, son servidores p\u00fablicos de toda la vida, que trabajan para brindar justicia y oportunidades a las familias de NY\u201d.<\/p>\n\n\n\n<p>Agregando, \u201cen un momento en el que nuestras comunidades de inmigrantes son constantemente atacadas, sus voces son fundamentales para la conversaci\u00f3n en torno a las reformas de la justicia penal y las protecciones para los m\u00e1s vulnerables de NY, estoy agradecida por su apoyo y honrada por su respaldo \u00ab.<\/p>\n\n\n\n<p>Tali Fardahian pas\u00f3 casi una d\u00e9cada en el Departamento de Justicia de EUA, primero como abogada del fiscal general Eric Holder, bajo la administraci\u00f3n del presidente Barack Obama y luego como asistente del fiscal federal.<\/p>\n\n\n\n<p>Como asistente del fiscal federal investig\u00f3 y proces\u00f3 casos que van desde violencia con armas y asesinatos, hasta la corrupci\u00f3n p\u00fablica, fraudes tributarios y asuntos de seguridad nacional, entre otros casos.<\/p>\n\n\n\n<p class=\"has-text-align-right\"><em>Ram\u00f3n Mercedes<\/em><\/p>\n","protected":false},"excerpt":{"rendered":"<p>NUEVA YORK, EEUU.- Varios congresistas hispanos en esta ciudad decidieron respaldar a la abogada Tali Farhadian Weinstein para la posici\u00f3n de fiscal del Distrito de Manhattan, debido a que promueve la justicia, y las personas de nuestras comunidades de inmigrantes tendr\u00e1n sus derechos protegidos. Los influyentes legisladores entre las diferentes etnias en la Gran Manzana [&hellip;]<\/p>\n","protected":false},"author":1,"featured_media":0,"comment_status":"open","ping_status":"open","sticky":false,"template":"","format":"standard","meta":{"_bbp_topic_count":0,"_bbp_reply_count":0,"_bbp_total_topic_count":0,"_bbp_total_reply_count":0,"_bbp_voice_count":0,"_bbp_anonymous_reply_count":0,"_bbp_topic_count_hidden":0,"_bbp_reply_count_hidden":0,"_bbp_forum_subforum_count":0,"footnotes":""},"categories":[60,31],"tags":[],"class_list":{"0":"post-345285","1":"post","2":"type-post","3":"status-publish","4":"format-standard","6":"category-titulares-del-dia","7":"category-estados-unidos"},"_links":{"self":[{"href":"https:\/\/primermomento.com\/index.php?rest_route=\/wp\/v2\/posts\/345285","targetHints":{"allow":["GET"]}}],"collection":[{"href":"https:\/\/primermomento.com\/index.php?rest_route=\/wp\/v2\/posts"}],"about":[{"href":"https:\/\/primermomento.com\/index.php?rest_route=\/wp\/v2\/types\/post"}],"author":[{"embeddable":true,"href":"https:\/\/primermomento.com\/index.php?rest_route=\/wp\/v2\/users\/1"}],"replies":[{"embeddable":true,"href":"https:\/\/primermomento.com\/index.php?rest_route=%2Fwp%2Fv2%2Fcomments&post=345285"}],"version-history":[{"count":1,"href":"https:\/\/primermomento.com\/index.php?rest_route=\/wp\/v2\/posts\/345285\/revisions"}],"predecessor-version":[{"id":345287,"href":"https:\/\/primermomento.com\/index.php?rest_route=\/wp\/v2\/posts\/345285\/revisions\/345287"}],"wp:attachment":[{"href":"https:\/\/primermomento.com\/index.php?rest_route=%2Fwp%2Fv2%2Fmedia&parent=345285"}],"wp:term":[{"taxonomy":"category","embeddable":true,"href":"https:\/\/primermomento.com\/index.php?rest_route=%2Fwp%2Fv2%2Fcategories&post=345285"},{"taxonomy":"post_tag","embeddable":true,"href":"https:\/\/primermomento.com\/index.php?rest_route=%2Fwp%2Fv2%2Ftags&post=345285"}],"curies":[{"name":"wp","href":"https:\/\/api.w.org\/{rel}","templated":true}]}}