{"id":345288,"date":"2021-05-31T08:43:00","date_gmt":"2021-05-31T12:43:00","guid":{"rendered":"http:\/\/primermomento.com\/?p=345288"},"modified":"2021-05-31T15:46:18","modified_gmt":"2021-05-31T19:46:18","slug":"policia-busca-hombre-que-en-silla-de-ruedas-robo-en-camion-de-carga","status":"publish","type":"post","link":"https:\/\/primermomento.com\/?p=345288","title":{"rendered":"Polic\u00eda busca hombre que en silla de ruedas rob\u00f3 en cami\u00f3n de carga"},"content":{"rendered":"\n<p>NUEVA YORK, EEUU.- Un hombre discapacitado, en silla de ruedas, rompi\u00f3 la ventana de un cami\u00f3n comercial a plena luz del d\u00eda la semana pasada en Brooklyn y rob\u00f3 mercanc\u00eda valorada en unos $1,400 d\u00f3lares, inform\u00f3 la polic\u00eda.<\/p>\n\n\n\n<div class=\"wp-block-image\"><figure class=\"alignright size-large\"><img loading=\"lazy\" decoding=\"async\" width=\"458\" height=\"439\" src=\"http:\/\/primermomento.com\/wp-content\/uploads\/2021\/05\/Policia-NY-persigue-hombre-en-silla-de-ruedas-robo-en-camion-mercancia-valorada-en-1400-dolares.jpg\" alt=\"\" class=\"wp-image-345289\" srcset=\"https:\/\/primermomento.com\/wp-content\/uploads\/2021\/05\/Policia-NY-persigue-hombre-en-silla-de-ruedas-robo-en-camion-mercancia-valorada-en-1400-dolares.jpg 458w, https:\/\/primermomento.com\/wp-content\/uploads\/2021\/05\/Policia-NY-persigue-hombre-en-silla-de-ruedas-robo-en-camion-mercancia-valorada-en-1400-dolares-300x288.jpg 300w, https:\/\/primermomento.com\/wp-content\/uploads\/2021\/05\/Policia-NY-persigue-hombre-en-silla-de-ruedas-robo-en-camion-mercancia-valorada-en-1400-dolares-230x220.jpg 230w, https:\/\/primermomento.com\/wp-content\/uploads\/2021\/05\/Policia-NY-persigue-hombre-en-silla-de-ruedas-robo-en-camion-mercancia-valorada-en-1400-dolares-118x113.jpg 118w, https:\/\/primermomento.com\/wp-content\/uploads\/2021\/05\/Policia-NY-persigue-hombre-en-silla-de-ruedas-robo-en-camion-mercancia-valorada-en-1400-dolares-30x30.jpg 30w\" sizes=\"auto, (max-width: 458px) 100vw, 458px\" \/><\/figure><\/div>\n\n\n\n<p>El cami\u00f3n estaba estacionado y desocupado en la avenida Ditmars cerca de la avenida Coney, cuando el hombre se acerc\u00f3 y rompi\u00f3 la ventana del pasajero delantero. Una vez dentro, rob\u00f3 herramientas de alto valor, dijo la uniformada sin explicar c\u00f3mo pudo escalar al veh\u00edculo.<\/p>\n\n\n\n<p>Se desconoce si sab\u00eda de la presencia de esa mercanc\u00eda en el cami\u00f3n o si fue un robo al azar. Despu\u00e9s de cometer el robo huy\u00f3 del lugar. La instituci\u00f3n despacho una foto del sospechoso.<\/p>\n\n\n\n<p>La uniformada solicita a cualquier persona que posea informaci\u00f3n sobre este acto delictivo llamar al 1-800-577-TIPS (8477) y en espa\u00f1ol 1-888-57-PISTA (74782).<\/p>\n\n\n\n<p>Tambi\u00e9n a trav\u00e9s de la p\u00e1gina\u00a0<a rel=\"noreferrer noopener\" href=\"http:\/\/crimestoppers.nypdonline.org\/\" target=\"_blank\">crimestoppers.nypdonline.org<\/a>\u00a0o por mensaje de texto a 274637 (CRIMES), seguido por TIP577. Todas las comunicaciones son estrictamente confidenciales.<\/p>\n\n\n\n<p class=\"has-text-align-right\"><em>Ram\u00f3n Mercedes<\/em><\/p>\n","protected":false},"excerpt":{"rendered":"<p>NUEVA YORK, EEUU.- Un hombre discapacitado, en silla de ruedas, rompi\u00f3 la ventana de un cami\u00f3n comercial a plena luz del d\u00eda la semana pasada en Brooklyn y rob\u00f3 mercanc\u00eda valorada en unos $1,400 d\u00f3lares, inform\u00f3 la polic\u00eda. El cami\u00f3n estaba estacionado y desocupado en la avenida Ditmars cerca de la avenida Coney, cuando el [&hellip;]<\/p>\n","protected":false},"author":1,"featured_media":0,"comment_status":"open","ping_status":"open","sticky":false,"template":"","format":"standard","meta":{"_bbp_topic_count":0,"_bbp_reply_count":0,"_bbp_total_topic_count":0,"_bbp_total_reply_count":0,"_bbp_voice_count":0,"_bbp_anonymous_reply_count":0,"_bbp_topic_count_hidden":0,"_bbp_reply_count_hidden":0,"_bbp_forum_subforum_count":0,"footnotes":""},"categories":[60,32],"tags":[],"class_list":{"0":"post-345288","1":"post","2":"type-post","3":"status-publish","4":"format-standard","6":"category-titulares-del-dia","7":"category-lo-ultimo"},"_links":{"self":[{"href":"https:\/\/primermomento.com\/index.php?rest_route=\/wp\/v2\/posts\/345288","targetHints":{"allow":["GET"]}}],"collection":[{"href":"https:\/\/primermomento.com\/index.php?rest_route=\/wp\/v2\/posts"}],"about":[{"href":"https:\/\/primermomento.com\/index.php?rest_route=\/wp\/v2\/types\/post"}],"author":[{"embeddable":true,"href":"https:\/\/primermomento.com\/index.php?rest_route=\/wp\/v2\/users\/1"}],"replies":[{"embeddable":true,"href":"https:\/\/primermomento.com\/index.php?rest_route=%2Fwp%2Fv2%2Fcomments&post=345288"}],"version-history":[{"count":1,"href":"https:\/\/primermomento.com\/index.php?rest_route=\/wp\/v2\/posts\/345288\/revisions"}],"predecessor-version":[{"id":345290,"href":"https:\/\/primermomento.com\/index.php?rest_route=\/wp\/v2\/posts\/345288\/revisions\/345290"}],"wp:attachment":[{"href":"https:\/\/primermomento.com\/index.php?rest_route=%2Fwp%2Fv2%2Fmedia&parent=345288"}],"wp:term":[{"taxonomy":"category","embeddable":true,"href":"https:\/\/primermomento.com\/index.php?rest_route=%2Fwp%2Fv2%2Fcategories&post=345288"},{"taxonomy":"post_tag","embeddable":true,"href":"https:\/\/primermomento.com\/index.php?rest_route=%2Fwp%2Fv2%2Ftags&post=345288"}],"curies":[{"name":"wp","href":"https:\/\/api.w.org\/{rel}","templated":true}]}}