{"id":345297,"date":"2021-05-31T10:52:00","date_gmt":"2021-05-31T14:52:00","guid":{"rendered":"http:\/\/primermomento.com\/?p=345297"},"modified":"2021-05-31T15:56:39","modified_gmt":"2021-05-31T19:56:39","slug":"despliegan-diez-unidades-moviles-para-vacunar-contra-la-covid-19","status":"publish","type":"post","link":"https:\/\/primermomento.com\/?p=345297","title":{"rendered":"Despliegan diez unidades m\u00f3viles para vacunar contra la Covid-19"},"content":{"rendered":"\n<p>SANTO DOMINGO, Rep\u00fablica Dominicana.- Diez unidades m\u00f3viles que el Instituto Nacional de Formaci\u00f3n T\u00e9cnico Profesional puso hoy a disposici\u00f3n del Gabinete de Salud dominicano, ser\u00e1n desplegadas en el pa\u00eds para contribuir con la vacunaci\u00f3n antiCovid-19.<\/p>\n\n\n\n<div class=\"wp-block-image\"><figure class=\"aligncenter size-large\"><img loading=\"lazy\" decoding=\"async\" width=\"748\" height=\"498\" src=\"http:\/\/primermomento.com\/wp-content\/uploads\/2021\/05\/w-dominicana-vacuna.jpg\" alt=\"\" class=\"wp-image-345298\" srcset=\"https:\/\/primermomento.com\/wp-content\/uploads\/2021\/05\/w-dominicana-vacuna.jpg 748w, https:\/\/primermomento.com\/wp-content\/uploads\/2021\/05\/w-dominicana-vacuna-300x200.jpg 300w, https:\/\/primermomento.com\/wp-content\/uploads\/2021\/05\/w-dominicana-vacuna-73x50.jpg 73w, https:\/\/primermomento.com\/wp-content\/uploads\/2021\/05\/w-dominicana-vacuna-500x333.jpg 500w, https:\/\/primermomento.com\/wp-content\/uploads\/2021\/05\/w-dominicana-vacuna-280x186.jpg 280w, https:\/\/primermomento.com\/wp-content\/uploads\/2021\/05\/w-dominicana-vacuna-60x40.jpg 60w, https:\/\/primermomento.com\/wp-content\/uploads\/2021\/05\/w-dominicana-vacuna-638x425.jpg 638w, https:\/\/primermomento.com\/wp-content\/uploads\/2021\/05\/w-dominicana-vacuna-118x79.jpg 118w, https:\/\/primermomento.com\/wp-content\/uploads\/2021\/05\/w-dominicana-vacuna-479x319.jpg 479w\" sizes=\"auto, (max-width: 748px) 100vw, 748px\" \/><\/figure><\/div>\n\n\n\n<p>Los equipos, recibidos este lunes por el ministro de Salud P\u00fablica, Daniel Rivera, tambi\u00e9n tomar\u00e1n muestras a fin de detectar a tiempo el virus SARS-CoV-2.<\/p>\n\n\n\n<p>En el acto el ministro manifest\u00f3 que la vacunaci\u00f3n sigue siendo la medida m\u00e1s efectiva e inform\u00f3 en estos momentos m\u00e1s de cuatro millones de personas fueron vacunados con la primera dosis y con la segunda hay un mill\u00f3n 150 mil.<\/p>\n\n\n\n<p>Asimismo, coment\u00f3 acerca de la situaci\u00f3n sanitaria existente en el pa\u00eds y en especial en el Gran Santo Domingo, y dijo: &#8216;la mejor medida es la vacunaci\u00f3n, el distanciamiento y la responsabilidad de la poblaci\u00f3n, es por esto que vamos a ayudar a convencer a quienes no se han vacunado, pues es la v\u00eda disminuir el contagio y la incidencia de la enfermedad&#8217;.<\/p>\n\n\n\n<p>Con la incorporaci\u00f3n de estos nuevos medios, la cantidad de puestos de vacunaci\u00f3n habilitados en todo el territorio nacional crece, evitando as\u00ed las aglomeraciones y dando mayor facilidad a los ciudadanos para la inoculaci\u00f3n.<\/p>\n\n\n\n<p class=\"has-text-align-right\"><em>PL<\/em><\/p>\n","protected":false},"excerpt":{"rendered":"<p>SANTO DOMINGO, Rep\u00fablica Dominicana.- Diez unidades m\u00f3viles que el Instituto Nacional de Formaci\u00f3n T\u00e9cnico Profesional puso hoy a disposici\u00f3n del Gabinete de Salud dominicano, ser\u00e1n desplegadas en el pa\u00eds para contribuir con la vacunaci\u00f3n antiCovid-19. Los equipos, recibidos este lunes por el ministro de Salud P\u00fablica, Daniel Rivera, tambi\u00e9n tomar\u00e1n muestras a fin de detectar [&hellip;]<\/p>\n","protected":false},"author":1,"featured_media":0,"comment_status":"open","ping_status":"open","sticky":false,"template":"","format":"standard","meta":{"_bbp_topic_count":0,"_bbp_reply_count":0,"_bbp_total_topic_count":0,"_bbp_total_reply_count":0,"_bbp_voice_count":0,"_bbp_anonymous_reply_count":0,"_bbp_topic_count_hidden":0,"_bbp_reply_count_hidden":0,"_bbp_forum_subforum_count":0,"footnotes":""},"categories":[60,32],"tags":[],"class_list":{"0":"post-345297","1":"post","2":"type-post","3":"status-publish","4":"format-standard","6":"category-titulares-del-dia","7":"category-lo-ultimo"},"_links":{"self":[{"href":"https:\/\/primermomento.com\/index.php?rest_route=\/wp\/v2\/posts\/345297","targetHints":{"allow":["GET"]}}],"collection":[{"href":"https:\/\/primermomento.com\/index.php?rest_route=\/wp\/v2\/posts"}],"about":[{"href":"https:\/\/primermomento.com\/index.php?rest_route=\/wp\/v2\/types\/post"}],"author":[{"embeddable":true,"href":"https:\/\/primermomento.com\/index.php?rest_route=\/wp\/v2\/users\/1"}],"replies":[{"embeddable":true,"href":"https:\/\/primermomento.com\/index.php?rest_route=%2Fwp%2Fv2%2Fcomments&post=345297"}],"version-history":[{"count":1,"href":"https:\/\/primermomento.com\/index.php?rest_route=\/wp\/v2\/posts\/345297\/revisions"}],"predecessor-version":[{"id":345299,"href":"https:\/\/primermomento.com\/index.php?rest_route=\/wp\/v2\/posts\/345297\/revisions\/345299"}],"wp:attachment":[{"href":"https:\/\/primermomento.com\/index.php?rest_route=%2Fwp%2Fv2%2Fmedia&parent=345297"}],"wp:term":[{"taxonomy":"category","embeddable":true,"href":"https:\/\/primermomento.com\/index.php?rest_route=%2Fwp%2Fv2%2Fcategories&post=345297"},{"taxonomy":"post_tag","embeddable":true,"href":"https:\/\/primermomento.com\/index.php?rest_route=%2Fwp%2Fv2%2Ftags&post=345297"}],"curies":[{"name":"wp","href":"https:\/\/api.w.org\/{rel}","templated":true}]}}