{"id":345330,"date":"2021-05-31T07:13:00","date_gmt":"2021-05-31T11:13:00","guid":{"rendered":"http:\/\/primermomento.com\/?p=345330"},"modified":"2021-05-31T18:17:51","modified_gmt":"2021-05-31T22:17:51","slug":"severas-criticas-a-realizacion-de-copa-america-en-brasil","status":"publish","type":"post","link":"https:\/\/primermomento.com\/?p=345330","title":{"rendered":"Severas cr\u00edticas a realizaci\u00f3n de Copa Am\u00e9rica en Brasil"},"content":{"rendered":"\n<p>BRASILIA, Brasil.- Un aluvi\u00f3n de cr\u00edticas emergi\u00f3 hoy en Brasil despu\u00e9s de que la Confederaci\u00f3n Sudamericana de F\u00fatbol (Conmebol) anunciara al pa\u00eds como nueva sede de la Copa Am\u00e9rica, del 11 de junio al 10 de julio.<\/p>\n\n\n\n<figure class=\"wp-block-image size-large\"><img loading=\"lazy\" decoding=\"async\" width=\"950\" height=\"475\" src=\"http:\/\/primermomento.com\/wp-content\/uploads\/2021\/05\/copa-america.jpeg\" alt=\"\" class=\"wp-image-345331\" srcset=\"https:\/\/primermomento.com\/wp-content\/uploads\/2021\/05\/copa-america.jpeg 950w, https:\/\/primermomento.com\/wp-content\/uploads\/2021\/05\/copa-america-300x150.jpeg 300w, https:\/\/primermomento.com\/wp-content\/uploads\/2021\/05\/copa-america-768x384.jpeg 768w, https:\/\/primermomento.com\/wp-content\/uploads\/2021\/05\/copa-america-500x250.jpeg 500w, https:\/\/primermomento.com\/wp-content\/uploads\/2021\/05\/copa-america-280x140.jpeg 280w, https:\/\/primermomento.com\/wp-content\/uploads\/2021\/05\/copa-america-638x319.jpeg 638w, https:\/\/primermomento.com\/wp-content\/uploads\/2021\/05\/copa-america-118x59.jpeg 118w, https:\/\/primermomento.com\/wp-content\/uploads\/2021\/05\/copa-america-479x240.jpeg 479w\" sizes=\"auto, (max-width: 950px) 100vw, 950px\" \/><\/figure>\n\n\n\n<p>La Conmebol expres\u00f3 su agradecimiento al presidente Jair Bolsonaro y a la Confederaci\u00f3n Brasile\u00f1a de F\u00fatbol por abrir las puertas &#8216;al que es hoy en d\u00eda el evento deportivo m\u00e1s seguro del mundo&#8217;.<\/p>\n\n\n\n<p>Tras la retirada de Argentina y Colombia, la entidad regional deportiva se vir\u00f3 para esta naci\u00f3n, donde expertos, citados por el portal de noticias G1, alertaron sobre riesgos como el aumento de los viajes nacionales en medio de la pandemia de Covid-19, la importaci\u00f3n de nuevas variantes del coronavirus y el incremento del contagio.<\/p>\n\n\n\n<p>Seg\u00fan el m\u00e9dico Marcelo Otsuka, coordinador del Comit\u00e9 de Enfermedades Infecciosas Pedi\u00e1tricas de la Sociedad Brasile\u00f1a de Infectolog\u00eda, este momento no es el ideal para tener una megacompetencia.<\/p>\n\n\n\n<p>&#8216;Brasil tiene un alto n\u00famero de casos (por Covid-19) y todav\u00eda vive una meseta de muertes y cifras que siguen siendo alarmantes, cerca de dos mil decesos al d\u00eda&#8217;, record\u00f3.<\/p>\n\n\n\n<p>Una opini\u00f3n similar pronunci\u00f3 la doctora Lucia Pellanda, profesora de epidemiolog\u00eda y decana de la Universidad Federal de Ciencias de la Salud de Porto Alegre.<\/p>\n\n\n\n<p>&#8216;No es el momento, cuando el pa\u00eds se enfrenta al riesgo de una tercera ola. Hay un simbolismo muy fuerte. Necesitamos una campa\u00f1a de comunicaci\u00f3n para involucrar a toda la sociedad&#8217;, indic\u00f3.<\/p>\n\n\n\n<p>El epidemi\u00f3logo Pedro Hallal, de la Universidad Federal de Pelotas, estim\u00f3 que la decisi\u00f3n es imprudente.<\/p>\n\n\n\n<p>&#8216;Hay otros pa\u00edses en Sudam\u00e9rica con la vacunaci\u00f3n mucho m\u00e1s avanzada y la pandemia mucho m\u00e1s controlada. Chile, obviamente, es el ejemplo m\u00e1s f\u00e1cil de dar. As\u00ed que resulta extra\u00f1o entender de d\u00f3nde viene esta decisi\u00f3n&#8217;, reflexion\u00f3.<\/p>\n\n\n\n<p>En su cuenta en la red social Twitter, Hallal escribi\u00f3: &#8216;La Copa Am\u00e9rica de Brasil es un libertinaje y una falta de respeto a las 460 mil familias dolientes del pa\u00eds. La decisi\u00f3n se tom\u00f3 exactamente en el momento en que comienza la tercera ola. Como aficionado al f\u00fatbol, lamento que este deporte se aleje cada vez m\u00e1s del pueblo&#8217;.<\/p>\n\n\n\n<p>Para Renato Kfouri, director de la Sociedad Brasile\u00f1a de Inmunizaciones, &#8216;hacer eventos de competencia internacional, cualquiera que sea, en tiempos de pandemia no es, en t\u00e9rminos sanitarios, una indicaci\u00f3n que pueda ser apoyada por la ciencia&#8217;.<\/p>\n\n\n\n<p>Tambi\u00e9n la epidemi\u00f3loga Ethel Maciel, profesora de la Universidad Federal de Esp\u00edritu Santo, calific\u00f3 de muy irresponsable con la vida de los brasile\u00f1os realizar la Copa Am\u00e9rica.<\/p>\n\n\n\n<p>&#8216;Una vez m\u00e1s, las cuestiones financieras se superponen a las de salud p\u00fablica&#8217;, remarc\u00f3.<\/p>\n\n\n\n<p class=\"has-text-align-right\"><em>PL<\/em><\/p>\n","protected":false},"excerpt":{"rendered":"<p>BRASILIA, Brasil.- Un aluvi\u00f3n de cr\u00edticas emergi\u00f3 hoy en Brasil despu\u00e9s de que la Confederaci\u00f3n Sudamericana de F\u00fatbol (Conmebol) anunciara al pa\u00eds como nueva sede de la Copa Am\u00e9rica, del 11 de junio al 10 de julio. La Conmebol expres\u00f3 su agradecimiento al presidente Jair Bolsonaro y a la Confederaci\u00f3n Brasile\u00f1a de F\u00fatbol por abrir [&hellip;]<\/p>\n","protected":false},"author":1,"featured_media":0,"comment_status":"open","ping_status":"open","sticky":false,"template":"","format":"standard","meta":{"_bbp_topic_count":0,"_bbp_reply_count":0,"_bbp_total_topic_count":0,"_bbp_total_reply_count":0,"_bbp_voice_count":0,"_bbp_anonymous_reply_count":0,"_bbp_topic_count_hidden":0,"_bbp_reply_count_hidden":0,"_bbp_forum_subforum_count":0,"footnotes":""},"categories":[42,60],"tags":[],"class_list":{"0":"post-345330","1":"post","2":"type-post","3":"status-publish","4":"format-standard","6":"category-deportes","7":"category-titulares-del-dia"},"_links":{"self":[{"href":"https:\/\/primermomento.com\/index.php?rest_route=\/wp\/v2\/posts\/345330","targetHints":{"allow":["GET"]}}],"collection":[{"href":"https:\/\/primermomento.com\/index.php?rest_route=\/wp\/v2\/posts"}],"about":[{"href":"https:\/\/primermomento.com\/index.php?rest_route=\/wp\/v2\/types\/post"}],"author":[{"embeddable":true,"href":"https:\/\/primermomento.com\/index.php?rest_route=\/wp\/v2\/users\/1"}],"replies":[{"embeddable":true,"href":"https:\/\/primermomento.com\/index.php?rest_route=%2Fwp%2Fv2%2Fcomments&post=345330"}],"version-history":[{"count":1,"href":"https:\/\/primermomento.com\/index.php?rest_route=\/wp\/v2\/posts\/345330\/revisions"}],"predecessor-version":[{"id":345332,"href":"https:\/\/primermomento.com\/index.php?rest_route=\/wp\/v2\/posts\/345330\/revisions\/345332"}],"wp:attachment":[{"href":"https:\/\/primermomento.com\/index.php?rest_route=%2Fwp%2Fv2%2Fmedia&parent=345330"}],"wp:term":[{"taxonomy":"category","embeddable":true,"href":"https:\/\/primermomento.com\/index.php?rest_route=%2Fwp%2Fv2%2Fcategories&post=345330"},{"taxonomy":"post_tag","embeddable":true,"href":"https:\/\/primermomento.com\/index.php?rest_route=%2Fwp%2Fv2%2Ftags&post=345330"}],"curies":[{"name":"wp","href":"https:\/\/api.w.org\/{rel}","templated":true}]}}