{"id":345333,"date":"2021-05-31T21:22:37","date_gmt":"2021-06-01T01:22:37","guid":{"rendered":"http:\/\/primermomento.com\/?p=345333"},"modified":"2021-05-31T21:26:31","modified_gmt":"2021-06-01T01:26:31","slug":"gobierno-endurece-restricciones-del-toque-de-queda","status":"publish","type":"post","link":"https:\/\/primermomento.com\/?p=345333","title":{"rendered":"Gobierno endurece restricciones del toque de queda"},"content":{"rendered":"\n<p>SANTO DOMINGO, Rep\u00fablica Dominicana.- El Gobierno emiti\u00f3 el decreto 349-21 que modifica al 346-21 con el objeto de modificar el toque de queda y las dem\u00e1s medidas de distanciamiento social dispuestas en el marco del estado de emergencia declarado para combatir la COVID-19.<\/p>\n\n\n\n<div class=\"wp-block-image\"><figure class=\"aligncenter size-large\"><img loading=\"lazy\" decoding=\"async\" width=\"1000\" height=\"600\" src=\"http:\/\/primermomento.com\/wp-content\/uploads\/2021\/05\/Toque-de-queda.jpg\" alt=\"\" class=\"wp-image-345334\" srcset=\"https:\/\/primermomento.com\/wp-content\/uploads\/2021\/05\/Toque-de-queda.jpg 1000w, https:\/\/primermomento.com\/wp-content\/uploads\/2021\/05\/Toque-de-queda-300x180.jpg 300w, https:\/\/primermomento.com\/wp-content\/uploads\/2021\/05\/Toque-de-queda-768x461.jpg 768w, https:\/\/primermomento.com\/wp-content\/uploads\/2021\/05\/Toque-de-queda-110x66.jpg 110w, https:\/\/primermomento.com\/wp-content\/uploads\/2021\/05\/Toque-de-queda-500x300.jpg 500w, https:\/\/primermomento.com\/wp-content\/uploads\/2021\/05\/Toque-de-queda-280x168.jpg 280w, https:\/\/primermomento.com\/wp-content\/uploads\/2021\/05\/Toque-de-queda-638x383.jpg 638w, https:\/\/primermomento.com\/wp-content\/uploads\/2021\/05\/Toque-de-queda-118x71.jpg 118w, https:\/\/primermomento.com\/wp-content\/uploads\/2021\/05\/Toque-de-queda-479x287.jpg 479w\" sizes=\"auto, (max-width: 1000px) 100vw, 1000px\" \/><\/figure><\/div>\n\n\n\n<p>Asimismo dispone de una jornada especial de vacunaci\u00f3n, a partir del jueves y hasta el domingo, en El Gran Santo Domingo y la provincia de San Cristobal.<\/p>\n\n\n\n<p>El art\u00edculo 3 de este decreto expresa que, \u201ctodas las medidas dispuestas en lo adelante en el presente decreto entrar\u00e1n en vigencia a partir del mi\u00e9rcoles 2 de junio y hasta el mi\u00e9rcoles 9 de junio de 2021, momento en el cual las autoridades correspondientes revisar\u00e1n tales medidas\u201d.<\/p>\n\n\n\n<p>Tambi\u00e9n, el decreto 349-21 establece el toque de queda de lunes a viernes desde las 6:00 de la tarde hasta las 5:00 de la tarde y los s\u00e1bados y domingos desde las 3:00 de la tarde hasta las 5:00 de la ma\u00f1ana, en las siguientes demarcaciones: Distrito Nacional, en las provincias Azua, Bahoruco, Barahona, Dajab\u00f3n, El\u00edas Pi\u00f1a, El Seibo, Hato Mayor, Mirabal e Independencia.<\/p>\n\n\n\n<p>Asimismo, en las provincias La Romana, Mar\u00eda Trinidad S\u00e1nchez, Monse\u00f1or Nouel, Monte Cristi, Monte Plata, Pedernales, Peravia, San Crist\u00f3bal, San Jos\u00e9 de Ocoa, San Juan, San Pedro de Macor\u00eds y la provincia S\u00e1nchez Ram\u00edrez.<\/p>\n\n\n\n<p><\/p>\n","protected":false},"excerpt":{"rendered":"<p>SANTO DOMINGO, Rep\u00fablica Dominicana.- El Gobierno emiti\u00f3 el decreto 349-21 que modifica al 346-21 con el objeto de modificar el toque de queda y las dem\u00e1s medidas de distanciamiento social dispuestas en el marco del estado de emergencia declarado para combatir la COVID-19. Asimismo dispone de una jornada especial de vacunaci\u00f3n, a partir del jueves [&hellip;]<\/p>\n","protected":false},"author":1,"featured_media":0,"comment_status":"open","ping_status":"open","sticky":false,"template":"","format":"standard","meta":{"_bbp_topic_count":0,"_bbp_reply_count":0,"_bbp_total_topic_count":0,"_bbp_total_reply_count":0,"_bbp_voice_count":0,"_bbp_anonymous_reply_count":0,"_bbp_topic_count_hidden":0,"_bbp_reply_count_hidden":0,"_bbp_forum_subforum_count":0,"footnotes":""},"categories":[30,60],"tags":[],"class_list":{"0":"post-345333","1":"post","2":"type-post","3":"status-publish","4":"format-standard","6":"category-actualidad","7":"category-titulares-del-dia"},"_links":{"self":[{"href":"https:\/\/primermomento.com\/index.php?rest_route=\/wp\/v2\/posts\/345333","targetHints":{"allow":["GET"]}}],"collection":[{"href":"https:\/\/primermomento.com\/index.php?rest_route=\/wp\/v2\/posts"}],"about":[{"href":"https:\/\/primermomento.com\/index.php?rest_route=\/wp\/v2\/types\/post"}],"author":[{"embeddable":true,"href":"https:\/\/primermomento.com\/index.php?rest_route=\/wp\/v2\/users\/1"}],"replies":[{"embeddable":true,"href":"https:\/\/primermomento.com\/index.php?rest_route=%2Fwp%2Fv2%2Fcomments&post=345333"}],"version-history":[{"count":2,"href":"https:\/\/primermomento.com\/index.php?rest_route=\/wp\/v2\/posts\/345333\/revisions"}],"predecessor-version":[{"id":345338,"href":"https:\/\/primermomento.com\/index.php?rest_route=\/wp\/v2\/posts\/345333\/revisions\/345338"}],"wp:attachment":[{"href":"https:\/\/primermomento.com\/index.php?rest_route=%2Fwp%2Fv2%2Fmedia&parent=345333"}],"wp:term":[{"taxonomy":"category","embeddable":true,"href":"https:\/\/primermomento.com\/index.php?rest_route=%2Fwp%2Fv2%2Fcategories&post=345333"},{"taxonomy":"post_tag","embeddable":true,"href":"https:\/\/primermomento.com\/index.php?rest_route=%2Fwp%2Fv2%2Ftags&post=345333"}],"curies":[{"name":"wp","href":"https:\/\/api.w.org\/{rel}","templated":true}]}}