{"id":345363,"date":"2021-06-01T08:59:00","date_gmt":"2021-06-01T12:59:00","guid":{"rendered":"http:\/\/primermomento.com\/?p=345363"},"modified":"2021-06-01T16:03:38","modified_gmt":"2021-06-01T20:03:38","slug":"francia-otorga-la-medalla-del-senado-a-doctora-dominicana-raquel-mercedes","status":"publish","type":"post","link":"https:\/\/primermomento.com\/?p=345363","title":{"rendered":"Francia otorga la Medalla del Senado a doctora dominicana Raquel Mercedes"},"content":{"rendered":"\n<p>, Francia.- En el marco de celebraci\u00f3n de la 8va edici\u00f3n de la Semana de Am\u00e9rica Latina y el Caribe, el Senado franc\u00e9s distingui\u00f3 con el m\u00e1s alto honor del pa\u00eds, la Medalla del Senado, a la doctora dominicana Raquel Mercedes, cirujana tor\u00e1cica y cardiovascular.<\/p>\n\n\n\n<div class=\"wp-block-image\"><figure class=\"aligncenter\"><img decoding=\"async\" src=\"http:\/\/primermomento.com\/wp-content\/uploads\/2021\/06\/Dra.-Raquel-Mercedes-S.E.-Sra.-Rosa-Hernandez-de-Grullon-y-el-Sr.-Gerard-Lacher-presidente-del-Senado-de-Francia1.jpg\" alt=\"La imagen tiene un atributo ALT vac\u00edo; su nombre de archivo es Dra.-Raquel-Mercedes-S.E.-Sra.-Rosa-Hernandez-de-Grullon-y-el-Sr.-Gerard-Lacher-presidente-del-Senado-de-Francia1.jpg\"\/><\/figure><\/div>\n\n\n\n<p>La doctora Mercedes fue nominada por la Embajada de la Rep\u00fablica Dominicana en Francia por su exitosa trayectoria profesional en ese pa\u00eds donde, adem\u00e1s de destacarse por sus habilidades m\u00e9dicas, ha desarrollado una noble labor en conjunto con la Asociaci\u00f3n Mecenazgo de Cirug\u00eda Card\u00edaca <em>Enfants du Monde<\/em>, con la que ha logrado salvar vidas de ni\u00f1os dominicanos que han sido sometidos a cirug\u00edas card\u00edacas en el pa\u00eds galo.<\/p>\n\n\n\n<p>El presidente del Senado franc\u00e9s, se\u00f1or Gerard Larcher, hizo referencia al tema de la actual edici\u00f3n de la SALC \u2018<em>\u2019Recursos creativos para superar la crisis del Covid-19\u2019. <\/em>En ese contexto, entreg\u00f3 la Medalla del Senado y el diploma correspondiente a la compatriota Raquel Mercedes, quien estuvo acompa\u00f1ada por Su Excelencia la embajadora Rosa Hern\u00e1ndez de Grull\u00f3n. Asimismo, el se\u00f1or Larcher halag\u00f3 a la homenajeada por su contribuci\u00f3n a las relaciones entre Francia y la Rep\u00fablica Dominicana.<\/p>\n\n\n\n<p>La ceremonia de entrega de medallas dio inicio a la SALC 2021, la cual se realiza desde el 27 de mayo al 12 de junio. La actividad se llev\u00f3 a cabo en el Senado franc\u00e9s y fue organizada por el Ministerio de Europa y Asuntos Exteriores, respetando todos los protocolos sanitarios pertinentes. All\u00ed se dieron cita embajadores latinoamericanos acreditados en Francia, los candidatos a la Medalla del Senado y personalidades pol\u00edticas del referido pa\u00eds.<\/p>\n\n\n\n<p><strong><em>M\u00e1s sobre la doctora Raquel Mercedes<\/em><\/strong><\/p>\n\n\n\n<p>Cirujana tor\u00e1cica y cardiovascular, certificada por la Alta Autoridad Sanitaria Francesa.<br><br>La doctora Raquel Mercedes, formada en Rep\u00fablica Dominicana, Espa\u00f1a y Francia, posee licenciatura en Medicina, m\u00e1ster en Ciencias Quir\u00fargicas y especializaci\u00f3n en Cirug\u00eda Card\u00edaca. Durante su larga trayectoria adquiri\u00f3 habilidades en campos como reparaci\u00f3n valvular, coronaria y valvular y arco a\u00f3rtico, as\u00ed como el implante percut\u00e1neo de la v\u00e1lvula a\u00f3rtica.&nbsp;<\/p>\n\n\n\n<p>Actualmente, la doctora Raquel Mercedes trabaja en el departamento de Cirug\u00eda Cardiaca de la Cl\u00ednica Infantil Ambroise-Par\u00e9, Neuilly-Sur-Seine, y desde 2003 ha logrado que muchos ni\u00f1os dominicanos puedan someterse a cirug\u00edas card\u00edacas en Francia, lo cual ha expresado como un sue\u00f1o hecho realidad. La doctora Mercedes tambi\u00e9n es miembro voluntario de la Junta Directora de la Asociaci\u00f3n Internacional de Mujeres Medicas (AFFM), as\u00ed como de la Asociaci\u00f3n de Mujeres Cirujanas (AWS), de la Escuela de Cirug\u00eda Francesa y del Mecenazgo.<\/p>\n\n\n\n<p class=\"has-text-align-right\"><em>Fuente: Embajada de la Rep\u00fablica Dominicana en Francia<\/em>\u00a0\u00a0<\/p>\n","protected":false},"excerpt":{"rendered":"<p>, Francia.- En el marco de celebraci\u00f3n de la 8va edici\u00f3n de la Semana de Am\u00e9rica Latina y el Caribe, el Senado franc\u00e9s distingui\u00f3 con el m\u00e1s alto honor del pa\u00eds, la Medalla del Senado, a la doctora dominicana Raquel Mercedes, cirujana tor\u00e1cica y cardiovascular. La doctora Mercedes fue nominada por la Embajada de la [&hellip;]<\/p>\n","protected":false},"author":1,"featured_media":0,"comment_status":"open","ping_status":"open","sticky":false,"template":"","format":"standard","meta":{"_bbp_topic_count":0,"_bbp_reply_count":0,"_bbp_total_topic_count":0,"_bbp_total_reply_count":0,"_bbp_voice_count":0,"_bbp_anonymous_reply_count":0,"_bbp_topic_count_hidden":0,"_bbp_reply_count_hidden":0,"_bbp_forum_subforum_count":0,"footnotes":""},"categories":[60,61],"tags":[],"class_list":{"0":"post-345363","1":"post","2":"type-post","3":"status-publish","4":"format-standard","6":"category-titulares-del-dia","7":"category-mundo"},"_links":{"self":[{"href":"https:\/\/primermomento.com\/index.php?rest_route=\/wp\/v2\/posts\/345363","targetHints":{"allow":["GET"]}}],"collection":[{"href":"https:\/\/primermomento.com\/index.php?rest_route=\/wp\/v2\/posts"}],"about":[{"href":"https:\/\/primermomento.com\/index.php?rest_route=\/wp\/v2\/types\/post"}],"author":[{"embeddable":true,"href":"https:\/\/primermomento.com\/index.php?rest_route=\/wp\/v2\/users\/1"}],"replies":[{"embeddable":true,"href":"https:\/\/primermomento.com\/index.php?rest_route=%2Fwp%2Fv2%2Fcomments&post=345363"}],"version-history":[{"count":1,"href":"https:\/\/primermomento.com\/index.php?rest_route=\/wp\/v2\/posts\/345363\/revisions"}],"predecessor-version":[{"id":345365,"href":"https:\/\/primermomento.com\/index.php?rest_route=\/wp\/v2\/posts\/345363\/revisions\/345365"}],"wp:attachment":[{"href":"https:\/\/primermomento.com\/index.php?rest_route=%2Fwp%2Fv2%2Fmedia&parent=345363"}],"wp:term":[{"taxonomy":"category","embeddable":true,"href":"https:\/\/primermomento.com\/index.php?rest_route=%2Fwp%2Fv2%2Fcategories&post=345363"},{"taxonomy":"post_tag","embeddable":true,"href":"https:\/\/primermomento.com\/index.php?rest_route=%2Fwp%2Fv2%2Ftags&post=345363"}],"curies":[{"name":"wp","href":"https:\/\/api.w.org\/{rel}","templated":true}]}}