{"id":345409,"date":"2021-06-02T08:56:34","date_gmt":"2021-06-02T12:56:34","guid":{"rendered":"http:\/\/primermomento.com\/?p=345409"},"modified":"2021-06-02T08:56:36","modified_gmt":"2021-06-02T12:56:36","slug":"partido-alianza-pais-protestara-en-el-consulado-dominicano-en-ny","status":"publish","type":"post","link":"https:\/\/primermomento.com\/?p=345409","title":{"rendered":"Partido Alianza Pa\u00eds protestar\u00e1 en el Consulado dominicano en NY"},"content":{"rendered":"\n<p>NUEVA YORK, EEUU.- La filial del partido Alianza Pa\u00eds (AlPa\u00eds) en esta ciudad se propone piquetear en los pr\u00f3ximos d\u00edas la sede del consulado dominicano, ubicado en Down Town-Manhattan.<\/p>\n\n\n\n<div class=\"wp-block-image\"><figure class=\"aligncenter size-large\"><img loading=\"lazy\" decoding=\"async\" width=\"710\" height=\"400\" src=\"http:\/\/primermomento.com\/wp-content\/uploads\/2018\/01\/consulado-dominicano-ny.jpg\" alt=\"\" class=\"wp-image-297884\" srcset=\"https:\/\/primermomento.com\/wp-content\/uploads\/2018\/01\/consulado-dominicano-ny.jpg 710w, https:\/\/primermomento.com\/wp-content\/uploads\/2018\/01\/consulado-dominicano-ny-300x169.jpg 300w, https:\/\/primermomento.com\/wp-content\/uploads\/2018\/01\/consulado-dominicano-ny-478x270.jpg 478w, https:\/\/primermomento.com\/wp-content\/uploads\/2018\/01\/consulado-dominicano-ny-500x282.jpg 500w, https:\/\/primermomento.com\/wp-content\/uploads\/2018\/01\/consulado-dominicano-ny-280x158.jpg 280w, https:\/\/primermomento.com\/wp-content\/uploads\/2018\/01\/consulado-dominicano-ny-638x359.jpg 638w, https:\/\/primermomento.com\/wp-content\/uploads\/2018\/01\/consulado-dominicano-ny-118x66.jpg 118w, https:\/\/primermomento.com\/wp-content\/uploads\/2018\/01\/consulado-dominicano-ny-479x270.jpg 479w\" sizes=\"auto, (max-width: 710px) 100vw, 710px\" \/><\/figure><\/div>\n\n\n\n<p>Luis Mayobanex Rodr\u00edguez (Radham\u00e9s P\u00e9rez), coordinador general en el exterior, expres\u00f3 que dicho piquete se debe a que el presidente Luis Abinader ha guardado silencio ante las demandas de la comunidad.<\/p>\n\n\n\n<p>\u201cEl mandatario ni responde y mucho menos satisface los justos y variados reclamos que desde pasados gobiernos han formulado nuestros connacionales emigrados, indica AlPa\u00eds.<\/p>\n\n\n\n<p>Cit\u00f3 el caso espec\u00edfico del reclamo hecho por distintas v\u00edas para que se modifique el decreto 430 del 2017 que obliga a los dominicanos residentes en el exterior al pago de los 10 d\u00f3lares de turista para entrar a su propio pa\u00eds.<\/p>\n\n\n\n<p>Muestra de la indiferencia oficial lo constituye su silencio a la comunicaci\u00f3n enviada v\u00eda el c\u00f3nsul dominicano, Eligi\u00f3 J\u00e1quez, el pasado 6 de mayo mediante la cual reiteramos el pedido de modificaci\u00f3n al abusivo y discriminatorio decreto mencionado.<\/p>\n\n\n\n<p>Por su proceder hacia nuestra comunidad el presidente Abinader nos dice, al igual que los presidentes del pasado reciente, que la voz ciudadana en la calle activa y movilizada es lo \u00fanico que escuchan.<\/p>\n\n\n\n<p>Para \u00e9l las declaraciones de prensa y solicitudes formales carecen de valor.<\/p>\n\n\n\n<p>En tal sentido, sea en New York, New Jersey, Massachusetts y Florida, as\u00ed como en Puerto Rico y en Europa nuestras voces se dejar\u00e1n escuchar reclamando paridad ciudadana para nuestros migrantes, rebaja definitiva y sustancial en el costo del pasaporte y dem\u00e1s servicios consulares<\/p>\n\n\n\n<p>Promovemos acciones de calle frente a oficinas consulares y embajadas para que el PRM use su mayor\u00eda congresual y proh\u00edba por ley el pago por primera maleta al dominicano emigrado viajar al pa\u00eds.<\/p>\n\n\n\n<p>Reclamaremos que el Congreso verifique la utilidad y cuant\u00eda de los m\u00faltiples impuestos que tenemos que pagar en la compra de un boleto a\u00e9reo, lo que le convierte en uno de los m\u00e1s caros a nivel mundial.<\/p>\n\n\n\n<p>El Estado est\u00e1 obligado a firmar un pacto social con una comunidad como la nuestra que aun en medio de la terrible crisis econ\u00f3mica y social generada por el Covid-19 contribuy\u00f3 solo en remesas en m\u00e1s de 10 mil millones de d\u00f3lares el a\u00f1o pasado, pasando a ser la mayor fuente de ingreso.<\/p>\n\n\n\n<p>En ese pacto social es crucial que de alguna manera el dominicano emigrado sea protegidos al igual que las zonas francas y promotores tur\u00edsticos al momento de construir viviendas y hacer inversiones en el territorio nacional.<\/p>\n\n\n\n<p>En la defensa de la comunidad y tras demandas como las enunciadas, Alianza Pa\u00eds aplicar\u00e1 una pol\u00edtica de acercamiento y cooperaci\u00f3n con organizaciones sociales y pol\u00edticas interesadas en esta agenda comunitaria.<\/p>\n\n\n\n<p class=\"has-text-align-right\"><em>Ram\u00f3n Mercedes<\/em><\/p>\n","protected":false},"excerpt":{"rendered":"<p>NUEVA YORK, EEUU.- La filial del partido Alianza Pa\u00eds (AlPa\u00eds) en esta ciudad se propone piquetear en los pr\u00f3ximos d\u00edas la sede del consulado dominicano, ubicado en Down Town-Manhattan. Luis Mayobanex Rodr\u00edguez (Radham\u00e9s P\u00e9rez), coordinador general en el exterior, expres\u00f3 que dicho piquete se debe a que el presidente Luis Abinader ha guardado silencio ante [&hellip;]<\/p>\n","protected":false},"author":1,"featured_media":0,"comment_status":"open","ping_status":"open","sticky":false,"template":"","format":"standard","meta":{"_bbp_topic_count":0,"_bbp_reply_count":0,"_bbp_total_topic_count":0,"_bbp_total_reply_count":0,"_bbp_voice_count":0,"_bbp_anonymous_reply_count":0,"_bbp_topic_count_hidden":0,"_bbp_reply_count_hidden":0,"_bbp_forum_subforum_count":0,"footnotes":""},"categories":[60,31],"tags":[],"class_list":{"0":"post-345409","1":"post","2":"type-post","3":"status-publish","4":"format-standard","6":"category-titulares-del-dia","7":"category-estados-unidos"},"_links":{"self":[{"href":"https:\/\/primermomento.com\/index.php?rest_route=\/wp\/v2\/posts\/345409","targetHints":{"allow":["GET"]}}],"collection":[{"href":"https:\/\/primermomento.com\/index.php?rest_route=\/wp\/v2\/posts"}],"about":[{"href":"https:\/\/primermomento.com\/index.php?rest_route=\/wp\/v2\/types\/post"}],"author":[{"embeddable":true,"href":"https:\/\/primermomento.com\/index.php?rest_route=\/wp\/v2\/users\/1"}],"replies":[{"embeddable":true,"href":"https:\/\/primermomento.com\/index.php?rest_route=%2Fwp%2Fv2%2Fcomments&post=345409"}],"version-history":[{"count":1,"href":"https:\/\/primermomento.com\/index.php?rest_route=\/wp\/v2\/posts\/345409\/revisions"}],"predecessor-version":[{"id":345410,"href":"https:\/\/primermomento.com\/index.php?rest_route=\/wp\/v2\/posts\/345409\/revisions\/345410"}],"wp:attachment":[{"href":"https:\/\/primermomento.com\/index.php?rest_route=%2Fwp%2Fv2%2Fmedia&parent=345409"}],"wp:term":[{"taxonomy":"category","embeddable":true,"href":"https:\/\/primermomento.com\/index.php?rest_route=%2Fwp%2Fv2%2Fcategories&post=345409"},{"taxonomy":"post_tag","embeddable":true,"href":"https:\/\/primermomento.com\/index.php?rest_route=%2Fwp%2Fv2%2Ftags&post=345409"}],"curies":[{"name":"wp","href":"https:\/\/api.w.org\/{rel}","templated":true}]}}