{"id":345411,"date":"2021-06-02T07:56:00","date_gmt":"2021-06-02T11:56:00","guid":{"rendered":"http:\/\/primermomento.com\/?p=345411"},"modified":"2021-06-02T08:59:27","modified_gmt":"2021-06-02T12:59:27","slug":"abogado-que-combate-injusticias-en-las-minorias-se-postula-para-juez","status":"publish","type":"post","link":"https:\/\/primermomento.com\/?p=345411","title":{"rendered":"Abogado que combate injusticias en las minor\u00edas se postula para juez"},"content":{"rendered":"\n<p>NUEVA YORK, EEUU.- El abogado hispano \u00c1ngel Cruz, quien se ha dedicado en los \u00faltimos 17 a\u00f1os por combatir las injusticias contra las minor\u00edas, se postula para ser juez de la Corte Civil en el condado de El Bronx.<\/p>\n\n\n\n<div class=\"wp-block-image\"><figure class=\"aligncenter size-large\"><img loading=\"lazy\" decoding=\"async\" width=\"478\" height=\"438\" src=\"http:\/\/primermomento.com\/wp-content\/uploads\/2021\/06\/Abogado-combate-injusticias-contra-las-minorias-se-postula-para-juez-en-El-Bronx.jpg\" alt=\"\" class=\"wp-image-345412\" srcset=\"https:\/\/primermomento.com\/wp-content\/uploads\/2021\/06\/Abogado-combate-injusticias-contra-las-minorias-se-postula-para-juez-en-El-Bronx.jpg 478w, https:\/\/primermomento.com\/wp-content\/uploads\/2021\/06\/Abogado-combate-injusticias-contra-las-minorias-se-postula-para-juez-en-El-Bronx-300x275.jpg 300w, https:\/\/primermomento.com\/wp-content\/uploads\/2021\/06\/Abogado-combate-injusticias-contra-las-minorias-se-postula-para-juez-en-El-Bronx-240x220.jpg 240w, https:\/\/primermomento.com\/wp-content\/uploads\/2021\/06\/Abogado-combate-injusticias-contra-las-minorias-se-postula-para-juez-en-El-Bronx-118x108.jpg 118w\" sizes=\"auto, (max-width: 478px) 100vw, 478px\" \/><\/figure><\/div>\n\n\n\n<p>Su candidatura ha sido bien acogida entre afroamericanos e hispanos, principalmente dominicanos, cuyos portavoces expresan estar comprometidos por votar a su favor en las pr\u00f3ximas primarias dem\u00f3cratas a celebrarse este 22 de junio.<\/p>\n\n\n\n<p>Cruz procura obtener puesto de juez en el Segundo Distrito del Tribunal Civil, que abarca toda la v\u00eda de Gran Concourse West, desde Van Cortland Park hasta la calle 138, \u00e1rea donde residen miles de hispanos.<\/p>\n\n\n\n<p>Entrevistado por este reportero, afirm\u00f3 que siendo juez \u00abseguir\u00e1 siendo justo, \u00e9tico y cumplidor al pie de la letra de las leyes, porque la justicia es ciega y sin favor de nadie\u201d.<\/p>\n\n\n\n<p>El reconocido abogado dijo estar dispuesto a \u00abesclarecer, a buscar una salida armoniosa y satisfactoria a cualquier conflicto que se presente en esa zona\u00bb, as\u00ed como a \u00abaplicar la ley con justicia, asegurando que los derechos de las personas no sean violados\u00bb.<\/p>\n\n\n\n<p>Cruz, de 56 a\u00f1os, consider\u00f3 que este a\u00f1o es muy especial porque tendremos la oportunidad de elegir al alcalde nuevo y nuevos concejales y el presidente del condado de El Bronx.<\/p>\n\n\n\n<p>Observ\u00f3 que, al surgir un gobierno nuevo, \u00ablos votantes deben saber que tienen la oportunidad de efectuar cambios necesarios y asegurar que nuestras personas sean juzgadas por personas de nuestra comunidad\u00bb.<\/p>\n\n\n\n<p>El candidato, ha registrado m\u00faltiples experiencias personales en su vida porque fue un delincuente juvenil (asaltar, vender drogas, y peleas callejeras), mientras crec\u00eda en el sector de Kingsbridge durante los turbulentos \u201cThe Bronx Is Burning Days\u201d de la d\u00e9cada de los 1970, expresa.<\/p>\n\n\n\n<p>Fue sentenciado de 8 a 16 a\u00f1os y desde entonces su vida comenz\u00f3 a cambiar. Mientras estaba encarcelado, iba diariamente a la biblioteca de la prisi\u00f3n, convirti\u00e9ndose en su propio defensor legal.<\/p>\n\n\n\n<p>Con la asistencia de un defensor p\u00fablico, se represent\u00f3 a s\u00ed mismo cuando apel\u00f3 su condena. La Divisi\u00f3n de Apelaciones desech\u00f3 el caso en su contra y lo devolvi\u00f3 al juez de primera instancia para que lo volviera a pasar sentencia.<\/p>\n\n\n\n<p>\u201cLe pregunt\u00f3 al juez C\u00e9sar Qui\u00f1ones si ten\u00eda el valor suficiente para darle una oportunidad, admitiendo que era un delincuente condenado dos veces y estado en el sistema de justicia penal desde los 13 a\u00f1os.<\/p>\n\n\n\n<p>Finalmente, el juez baj\u00f3 la sentencia a cinco a\u00f1os\u00bb, explic\u00f3 para poner de relieve las incidencias de su proceso de rehabilitaci\u00f3n ciudadana.<\/p>\n\n\n\n<p>Despu\u00e9s de graduarse de John Jay College y CUNY Law School, Cruz trabaj\u00f3 como secretario de jueces, realiz\u00f3 trabajos legales para la oficina del presidente del condado de El Bronx y ahora tiene su propio bufete de abogados.<\/p>\n\n\n\n<p>Est\u00e1 casado con Lumarie Maldonado Cruz, elegida como juez de la corte civil en el condado de Queens en 2019, y tienen tres hijos.<\/p>\n\n\n\n<p>Cruz ha recibido el respaldo del asamble\u00edsta Jos\u00e9 Rivera, ex presidente del Partido Dem\u00f3crata en El Bronx; del concejal Fernando Cabrera, candidato a presidente en dicho condado, y de sectores comunitarios, profesionales, empresarios, clubes, bodegueros y taxistas, entre otros.<\/p>\n\n\n\n<p class=\"has-text-align-right\"><em>Ram\u00f3n Mercedes<\/em><\/p>\n","protected":false},"excerpt":{"rendered":"<p>NUEVA YORK, EEUU.- El abogado hispano \u00c1ngel Cruz, quien se ha dedicado en los \u00faltimos 17 a\u00f1os por combatir las injusticias contra las minor\u00edas, se postula para ser juez de la Corte Civil en el condado de El Bronx. Su candidatura ha sido bien acogida entre afroamericanos e hispanos, principalmente dominicanos, cuyos portavoces expresan estar [&hellip;]<\/p>\n","protected":false},"author":1,"featured_media":0,"comment_status":"open","ping_status":"open","sticky":false,"template":"","format":"standard","meta":{"_bbp_topic_count":0,"_bbp_reply_count":0,"_bbp_total_topic_count":0,"_bbp_total_reply_count":0,"_bbp_voice_count":0,"_bbp_anonymous_reply_count":0,"_bbp_topic_count_hidden":0,"_bbp_reply_count_hidden":0,"_bbp_forum_subforum_count":0,"footnotes":""},"categories":[60,31],"tags":[],"class_list":{"0":"post-345411","1":"post","2":"type-post","3":"status-publish","4":"format-standard","6":"category-titulares-del-dia","7":"category-estados-unidos"},"_links":{"self":[{"href":"https:\/\/primermomento.com\/index.php?rest_route=\/wp\/v2\/posts\/345411","targetHints":{"allow":["GET"]}}],"collection":[{"href":"https:\/\/primermomento.com\/index.php?rest_route=\/wp\/v2\/posts"}],"about":[{"href":"https:\/\/primermomento.com\/index.php?rest_route=\/wp\/v2\/types\/post"}],"author":[{"embeddable":true,"href":"https:\/\/primermomento.com\/index.php?rest_route=\/wp\/v2\/users\/1"}],"replies":[{"embeddable":true,"href":"https:\/\/primermomento.com\/index.php?rest_route=%2Fwp%2Fv2%2Fcomments&post=345411"}],"version-history":[{"count":1,"href":"https:\/\/primermomento.com\/index.php?rest_route=\/wp\/v2\/posts\/345411\/revisions"}],"predecessor-version":[{"id":345413,"href":"https:\/\/primermomento.com\/index.php?rest_route=\/wp\/v2\/posts\/345411\/revisions\/345413"}],"wp:attachment":[{"href":"https:\/\/primermomento.com\/index.php?rest_route=%2Fwp%2Fv2%2Fmedia&parent=345411"}],"wp:term":[{"taxonomy":"category","embeddable":true,"href":"https:\/\/primermomento.com\/index.php?rest_route=%2Fwp%2Fv2%2Fcategories&post=345411"},{"taxonomy":"post_tag","embeddable":true,"href":"https:\/\/primermomento.com\/index.php?rest_route=%2Fwp%2Fv2%2Ftags&post=345411"}],"curies":[{"name":"wp","href":"https:\/\/api.w.org\/{rel}","templated":true}]}}