{"id":345417,"date":"2021-06-02T09:08:49","date_gmt":"2021-06-02T13:08:49","guid":{"rendered":"http:\/\/primermomento.com\/?p=345417"},"modified":"2021-06-02T09:08:50","modified_gmt":"2021-06-02T13:08:50","slug":"lf-dice-dirigentes-y-miembros-de-su-partido-trasladaran-a-personas-a-los-centros-de-vacunacion","status":"publish","type":"post","link":"https:\/\/primermomento.com\/?p=345417","title":{"rendered":"LF dice dirigentes y miembros de su partido trasladar\u00e1n a personas a los centros de vacunaci\u00f3n"},"content":{"rendered":"\n<p>SANTO DOMINGO, Rep\u00fablica Dominicana.- El presidente del Partido Fuerza del Pueblo, Leonel Fern\u00e1ndez, declar\u00f3 este martes que los dirigentes y miembros de esa organizaci\u00f3n trasladar\u00e1n a los que se tengan que vacunar contra el COVID-19.<\/p>\n\n\n\n<div class=\"wp-block-image\"><figure class=\"aligncenter size-large\"><img loading=\"lazy\" decoding=\"async\" width=\"634\" height=\"423\" src=\"http:\/\/primermomento.com\/wp-content\/uploads\/2021\/06\/Leonel-Fernandez.jpg\" alt=\"\" class=\"wp-image-345419\" srcset=\"https:\/\/primermomento.com\/wp-content\/uploads\/2021\/06\/Leonel-Fernandez.jpg 634w, https:\/\/primermomento.com\/wp-content\/uploads\/2021\/06\/Leonel-Fernandez-300x200.jpg 300w, https:\/\/primermomento.com\/wp-content\/uploads\/2021\/06\/Leonel-Fernandez-73x50.jpg 73w, https:\/\/primermomento.com\/wp-content\/uploads\/2021\/06\/Leonel-Fernandez-500x334.jpg 500w, https:\/\/primermomento.com\/wp-content\/uploads\/2021\/06\/Leonel-Fernandez-280x187.jpg 280w, https:\/\/primermomento.com\/wp-content\/uploads\/2021\/06\/Leonel-Fernandez-60x40.jpg 60w, https:\/\/primermomento.com\/wp-content\/uploads\/2021\/06\/Leonel-Fernandez-118x79.jpg 118w, https:\/\/primermomento.com\/wp-content\/uploads\/2021\/06\/Leonel-Fernandez-479x320.jpg 479w\" sizes=\"auto, (max-width: 634px) 100vw, 634px\" \/><\/figure><\/div>\n\n\n\n<p>En rueda de prensa, junto a los integrantes de la Secretar\u00eda de Salud de Fuerza del Pueblo, Fern\u00e1ndez mostr\u00f3 su preocupaci\u00f3n porque la poblaci\u00f3n est\u00e1 dejando de usar mascarillas.<\/p>\n\n\n\n<p>\u00abYo estuve por el malec\u00f3n, el domingo antes pasado, me preocup\u00e9, porque no vi absolutamente a nadie usando mascarillas, absolutamente a nadie, y hab\u00edan multitudes congregadas\u00bb, indic\u00f3.<\/p>\n\n\n\n<p>\u00abCuando viajo por el interior observo lo mismo, he estado en varias provincias, en Monte Plata, en S\u00e1nchez Ram\u00edrez recientemente y la gente no est\u00e1 usando las mascarillas. Por tanto, yo creo que hay que insistir en la necesidad de esas cosas tan elementales llevarlas a cabo, porque de lo contrario, el esfuerzo que se hace, gobierno y sociedad dominicana, pues no surtir\u00e1 el efecto deseado, hay que volver a eso\u00bb, agreg\u00f3.<\/p>\n\n\n\n<p>A Fern\u00e1ndez le acompa\u00f1aron los doctores: Ram\u00f3n Alvarado, secretario de Salud de FP y los vicesecretarios, F\u00e9lix Hern\u00e1ndez, Jorge Vargas, entre otros, quienes informaron la apertura de nuevos locales de la organizaci\u00f3n en las provincias de Santiago, Hermanas Mirabal, S\u00e1nchez Ram\u00edrez, La Altagracia y Barahona, a los fines de su habilitaci\u00f3n como centros de vacunaci\u00f3n.\u00a0<\/p>\n\n\n\n<p>Sobre la situaci\u00f3n de los centros de salud, el expresidente de la Rep\u00fablica dijo: \u00abEl doctor Alvarado y los compa\u00f1eros integrantes de la Secretar\u00eda de Salud de Fuerza del Pueblo, han indicado el colapso que existe actualmente en el sistema hospitalario de la Rep\u00fablica Dominicana y de cl\u00ednicas privadas. Hoy no hay camas disponibles, hasta las emergencias han fracasado, de manera que lo que est\u00e1 ocurriendo es grave, es grav\u00edsimo y tenemos que prestarle atenci\u00f3n\u00bb.<\/p>\n\n\n\n<p>\u00abEstamos frente a un riesgo de car\u00e1cter mundial que afecta a todos los continentes del planeta y que afecta\u00a0 tambi\u00e9n a la Rep\u00fablica Dominicana, y que es incierto\u00bb, continu\u00f3 diciendo.<\/p>\n\n\n\n<p>\u00abCuando ya cre\u00edamos que la est\u00e1bamos superando y que ya tenemos varios millones de dominicanos vacunados, resulta que no, resulta que hay un rebrote y que no sabemos bien, entonces tenemos todos que actuar unidos como naci\u00f3n, este es un tema que afecta a la sociedad dominicana, no es un tema pol\u00edtico, para que le saque ventaja uno o el otro\u00bb, sentenci\u00f3\u00a0 el exmandatario.<\/p>\n\n\n\n<p>Concluy\u00f3 sus palabras informando que: \u00abNuestro personal, nuestros dirigentes y miembros van a actuar trasladando gente a los centros de vacunaci\u00f3n, para que esto pueda acelerarse, que es lo que se requiere en estos momentos, que la vacunaci\u00f3n se acelere, para enfrentar el traslado a los centros rurales y evitar que se siga mutando y generando variantes que podr\u00edan ser m\u00e1s mortales que el virus original, que el SARS-COV 2\u00bb.<\/p>\n","protected":false},"excerpt":{"rendered":"<p>SANTO DOMINGO, Rep\u00fablica Dominicana.- El presidente del Partido Fuerza del Pueblo, Leonel Fern\u00e1ndez, declar\u00f3 este martes que los dirigentes y miembros de esa organizaci\u00f3n trasladar\u00e1n a los que se tengan que vacunar contra el COVID-19. En rueda de prensa, junto a los integrantes de la Secretar\u00eda de Salud de Fuerza del Pueblo, Fern\u00e1ndez mostr\u00f3 su [&hellip;]<\/p>\n","protected":false},"author":1,"featured_media":0,"comment_status":"open","ping_status":"open","sticky":false,"template":"","format":"standard","meta":{"_bbp_topic_count":0,"_bbp_reply_count":0,"_bbp_total_topic_count":0,"_bbp_total_reply_count":0,"_bbp_voice_count":0,"_bbp_anonymous_reply_count":0,"_bbp_topic_count_hidden":0,"_bbp_reply_count_hidden":0,"_bbp_forum_subforum_count":0,"footnotes":""},"categories":[60,31],"tags":[],"class_list":{"0":"post-345417","1":"post","2":"type-post","3":"status-publish","4":"format-standard","6":"category-titulares-del-dia","7":"category-estados-unidos"},"_links":{"self":[{"href":"https:\/\/primermomento.com\/index.php?rest_route=\/wp\/v2\/posts\/345417","targetHints":{"allow":["GET"]}}],"collection":[{"href":"https:\/\/primermomento.com\/index.php?rest_route=\/wp\/v2\/posts"}],"about":[{"href":"https:\/\/primermomento.com\/index.php?rest_route=\/wp\/v2\/types\/post"}],"author":[{"embeddable":true,"href":"https:\/\/primermomento.com\/index.php?rest_route=\/wp\/v2\/users\/1"}],"replies":[{"embeddable":true,"href":"https:\/\/primermomento.com\/index.php?rest_route=%2Fwp%2Fv2%2Fcomments&post=345417"}],"version-history":[{"count":1,"href":"https:\/\/primermomento.com\/index.php?rest_route=\/wp\/v2\/posts\/345417\/revisions"}],"predecessor-version":[{"id":345420,"href":"https:\/\/primermomento.com\/index.php?rest_route=\/wp\/v2\/posts\/345417\/revisions\/345420"}],"wp:attachment":[{"href":"https:\/\/primermomento.com\/index.php?rest_route=%2Fwp%2Fv2%2Fmedia&parent=345417"}],"wp:term":[{"taxonomy":"category","embeddable":true,"href":"https:\/\/primermomento.com\/index.php?rest_route=%2Fwp%2Fv2%2Fcategories&post=345417"},{"taxonomy":"post_tag","embeddable":true,"href":"https:\/\/primermomento.com\/index.php?rest_route=%2Fwp%2Fv2%2Ftags&post=345417"}],"curies":[{"name":"wp","href":"https:\/\/api.w.org\/{rel}","templated":true}]}}