{"id":345421,"date":"2021-06-02T09:12:29","date_gmt":"2021-06-02T13:12:29","guid":{"rendered":"http:\/\/primermomento.com\/?p=345421"},"modified":"2021-06-02T09:12:30","modified_gmt":"2021-06-02T13:12:30","slug":"camara-de-diputados-suspende-sesiones-por-la-covid-19","status":"publish","type":"post","link":"https:\/\/primermomento.com\/?p=345421","title":{"rendered":"C\u00e1mara de Diputados suspende sesiones por la Covid-19"},"content":{"rendered":"\n<p>SANTO DOMINGO, Rep\u00fablica Dominicana.- La C\u00e1mara de Diputados de la Rep\u00fablica Dominicana suspender\u00e1 a partir de hoy sus sesiones debido a que tiene 100 personas infectadas con la Covid-19, de ellas 20 diputados.<\/p>\n\n\n\n<div class=\"wp-block-image\"><figure class=\"aligncenter size-large\"><img loading=\"lazy\" decoding=\"async\" width=\"586\" height=\"410\" src=\"http:\/\/primermomento.com\/wp-content\/uploads\/2020\/10\/Camara-de-diputados.png\" alt=\"\" class=\"wp-image-335779\" srcset=\"https:\/\/primermomento.com\/wp-content\/uploads\/2020\/10\/Camara-de-diputados.png 586w, https:\/\/primermomento.com\/wp-content\/uploads\/2020\/10\/Camara-de-diputados-300x210.png 300w, https:\/\/primermomento.com\/wp-content\/uploads\/2020\/10\/Camara-de-diputados-73x50.png 73w, https:\/\/primermomento.com\/wp-content\/uploads\/2020\/10\/Camara-de-diputados-110x77.png 110w, https:\/\/primermomento.com\/wp-content\/uploads\/2020\/10\/Camara-de-diputados-500x350.png 500w, https:\/\/primermomento.com\/wp-content\/uploads\/2020\/10\/Camara-de-diputados-280x196.png 280w, https:\/\/primermomento.com\/wp-content\/uploads\/2020\/10\/Camara-de-diputados-118x83.png 118w, https:\/\/primermomento.com\/wp-content\/uploads\/2020\/10\/Camara-de-diputados-479x335.png 479w\" sizes=\"auto, (max-width: 586px) 100vw, 586px\" \/><\/figure><\/div>\n\n\n\n<p>El presidente de la C\u00e1mara, Alfredo Pacheco, explic\u00f3 a la prensa que las autoridades sanitarias le hicieron pruebas PCR a cerca de mil individuos entre diputados, empleados y personal de apoyo, de ah\u00ed los resultados mencionados.<\/p>\n\n\n\n<p>Precis\u00f3 que la labor legislativa se detendr\u00e1 por una semana como medida de control, incluido el trabajo de las comisiones.<\/p>\n\n\n\n<p>Asimismo, Pacheco dijo que en la c\u00e1mara baja est\u00e1 en un proceso de higienizaci\u00f3n con el objetivo de sanear todos los locales del recinto y lugares de acceso.<\/p>\n\n\n\n<p>Dominicana enfrenta un rebrote de la Covid-19, el cual tiene en tensi\u00f3n al pa\u00eds, en especial al Distrito Nacional y las provincias Santo Domingo y San Crist\u00f3bal.<\/p>\n\n\n\n<p class=\"has-text-align-right\"><em>PL<\/em><\/p>\n","protected":false},"excerpt":{"rendered":"<p>SANTO DOMINGO, Rep\u00fablica Dominicana.- La C\u00e1mara de Diputados de la Rep\u00fablica Dominicana suspender\u00e1 a partir de hoy sus sesiones debido a que tiene 100 personas infectadas con la Covid-19, de ellas 20 diputados. El presidente de la C\u00e1mara, Alfredo Pacheco, explic\u00f3 a la prensa que las autoridades sanitarias le hicieron pruebas PCR a cerca de [&hellip;]<\/p>\n","protected":false},"author":1,"featured_media":0,"comment_status":"open","ping_status":"open","sticky":false,"template":"","format":"standard","meta":{"_bbp_topic_count":0,"_bbp_reply_count":0,"_bbp_total_topic_count":0,"_bbp_total_reply_count":0,"_bbp_voice_count":0,"_bbp_anonymous_reply_count":0,"_bbp_topic_count_hidden":0,"_bbp_reply_count_hidden":0,"_bbp_forum_subforum_count":0,"footnotes":""},"categories":[30,60],"tags":[],"class_list":{"0":"post-345421","1":"post","2":"type-post","3":"status-publish","4":"format-standard","6":"category-actualidad","7":"category-titulares-del-dia"},"_links":{"self":[{"href":"https:\/\/primermomento.com\/index.php?rest_route=\/wp\/v2\/posts\/345421","targetHints":{"allow":["GET"]}}],"collection":[{"href":"https:\/\/primermomento.com\/index.php?rest_route=\/wp\/v2\/posts"}],"about":[{"href":"https:\/\/primermomento.com\/index.php?rest_route=\/wp\/v2\/types\/post"}],"author":[{"embeddable":true,"href":"https:\/\/primermomento.com\/index.php?rest_route=\/wp\/v2\/users\/1"}],"replies":[{"embeddable":true,"href":"https:\/\/primermomento.com\/index.php?rest_route=%2Fwp%2Fv2%2Fcomments&post=345421"}],"version-history":[{"count":1,"href":"https:\/\/primermomento.com\/index.php?rest_route=\/wp\/v2\/posts\/345421\/revisions"}],"predecessor-version":[{"id":345422,"href":"https:\/\/primermomento.com\/index.php?rest_route=\/wp\/v2\/posts\/345421\/revisions\/345422"}],"wp:attachment":[{"href":"https:\/\/primermomento.com\/index.php?rest_route=%2Fwp%2Fv2%2Fmedia&parent=345421"}],"wp:term":[{"taxonomy":"category","embeddable":true,"href":"https:\/\/primermomento.com\/index.php?rest_route=%2Fwp%2Fv2%2Fcategories&post=345421"},{"taxonomy":"post_tag","embeddable":true,"href":"https:\/\/primermomento.com\/index.php?rest_route=%2Fwp%2Fv2%2Ftags&post=345421"}],"curies":[{"name":"wp","href":"https:\/\/api.w.org\/{rel}","templated":true}]}}