{"id":345423,"date":"2021-06-02T17:27:51","date_gmt":"2021-06-02T21:27:51","guid":{"rendered":"http:\/\/primermomento.com\/?p=345423"},"modified":"2021-06-02T17:28:23","modified_gmt":"2021-06-02T21:28:23","slug":"rechazan-presunto-plan-de-atentado-contra-procuradora-de-justicia","status":"publish","type":"post","link":"https:\/\/primermomento.com\/?p=345423","title":{"rendered":"Rechazan presunto plan de atentado contra procuradora de justicia"},"content":{"rendered":"\n<p>SANTO DOMINGO, Rep\u00fablica Dominicana.- El Consejo Nacional del movimiento c\u00edvico dominicano Participaci\u00f3n Ciudadana (PC) rechaz\u00f3 hoy cualquier plan que amenace la vida o integridad f\u00edsica de la procuradora adjunta anticorrupci\u00f3n, Yeni Berenice.<\/p>\n\n\n\n<div class=\"wp-block-image\"><figure class=\"aligncenter size-large\"><img loading=\"lazy\" decoding=\"async\" width=\"1024\" height=\"532\" src=\"http:\/\/primermomento.com\/wp-content\/uploads\/2021\/06\/Yeni-Berenice-1024x532.jpg\" alt=\"\" class=\"wp-image-345424\" srcset=\"https:\/\/primermomento.com\/wp-content\/uploads\/2021\/06\/Yeni-Berenice-1024x532.jpg 1024w, https:\/\/primermomento.com\/wp-content\/uploads\/2021\/06\/Yeni-Berenice-300x156.jpg 300w, https:\/\/primermomento.com\/wp-content\/uploads\/2021\/06\/Yeni-Berenice-768x399.jpg 768w, https:\/\/primermomento.com\/wp-content\/uploads\/2021\/06\/Yeni-Berenice-1536x798.jpg 1536w, https:\/\/primermomento.com\/wp-content\/uploads\/2021\/06\/Yeni-Berenice-500x260.jpg 500w, https:\/\/primermomento.com\/wp-content\/uploads\/2021\/06\/Yeni-Berenice-280x146.jpg 280w, https:\/\/primermomento.com\/wp-content\/uploads\/2021\/06\/Yeni-Berenice-638x332.jpg 638w, https:\/\/primermomento.com\/wp-content\/uploads\/2021\/06\/Yeni-Berenice-118x61.jpg 118w, https:\/\/primermomento.com\/wp-content\/uploads\/2021\/06\/Yeni-Berenice-479x249.jpg 479w, https:\/\/primermomento.com\/wp-content\/uploads\/2021\/06\/Yeni-Berenice.jpg 1970w\" sizes=\"auto, (max-width: 1024px) 100vw, 1024px\" \/><figcaption><em>Yeni Berenice<\/em><\/figcaption><\/figure><\/div>\n\n\n\n<p>Asimismo, advirti\u00f3 que ni el pa\u00eds ni sus autoridades pueden tomar a la ligera la revelaci\u00f3n reciente sobre un posible atentado contra la vida de la magistrada.<\/p>\n\n\n\n<p>&#8216;Esperamos el Poder Ejecutivo ordene a todos los organismos de inteligencia del Estado que se pongan a disposici\u00f3n de la Procuradur\u00eda General de la Rep\u00fablica en los esfuerzos por identificar a los responsables de este tipo de conductas tan peligrosas para el Estado de Derecho&#8217;, agreg\u00f3 PC.<\/p>\n\n\n\n<p>Adem\u00e1s, demand\u00f3 que los resultados de dichas investigaciones una vez concluidas, sean comunicados a la poblaci\u00f3n, as\u00ed como los nombres de los involucrados. El movimiento c\u00edvico manifest\u00f3 que la sociedad dominicana debe permanecer vigilante, tomar en serio esta grave denuncia y parar en seco cualquier intento en contra de la vida o la integridad de los fiscales anticorrupci\u00f3n, pues &#8216;tan solo el intento de concretarse podr\u00eda sumir al pa\u00eds en un estado de terror generalizado&#8217;.<\/p>\n\n\n\n<p>El pasado 29 de mayo fue denunciado por parte de periodistas del pa\u00eds un supuesto atentado contra la directora de Persecuci\u00f3n de la Procuradur\u00eda General de la Rep\u00fablica Dominicana.<\/p>\n\n\n\n<p>Berenice es una de las principales funcionarias de la Procuradur\u00eda, quien junto a la procuradora general, Miriam Germ\u00e1n; y el adjunto anticorrupci\u00f3n, Wilson Camacho, llevan adelante las investigaciones de casos de corrupci\u00f3n, en los que est\u00e1n vinculados exfuncionarios del pasado gobierno y militares.<\/p>\n\n\n\n<p>Entre los casos est\u00e1n el Coral, donde est\u00e1 involucrado el exdirector del Cuerpo Especializado de Seguridad Presidencial, mayor general Ad\u00e1n C\u00e1ceres; y la Antipulpo, en el que uno de los principales acusados es Alexis Medina, hermano del expresidente Danilo Medina.<\/p>\n\n\n\n<p class=\"has-text-align-right\"><em>PL<\/em><\/p>\n","protected":false},"excerpt":{"rendered":"<p>SANTO DOMINGO, Rep\u00fablica Dominicana.- El Consejo Nacional del movimiento c\u00edvico dominicano Participaci\u00f3n Ciudadana (PC) rechaz\u00f3 hoy cualquier plan que amenace la vida o integridad f\u00edsica de la procuradora adjunta anticorrupci\u00f3n, Yeni Berenice. Asimismo, advirti\u00f3 que ni el pa\u00eds ni sus autoridades pueden tomar a la ligera la revelaci\u00f3n reciente sobre un posible atentado contra la [&hellip;]<\/p>\n","protected":false},"author":1,"featured_media":0,"comment_status":"open","ping_status":"open","sticky":false,"template":"","format":"standard","meta":{"_bbp_topic_count":0,"_bbp_reply_count":0,"_bbp_total_topic_count":0,"_bbp_total_reply_count":0,"_bbp_voice_count":0,"_bbp_anonymous_reply_count":0,"_bbp_topic_count_hidden":0,"_bbp_reply_count_hidden":0,"_bbp_forum_subforum_count":0,"footnotes":""},"categories":[60,32],"tags":[],"class_list":{"0":"post-345423","1":"post","2":"type-post","3":"status-publish","4":"format-standard","6":"category-titulares-del-dia","7":"category-lo-ultimo"},"_links":{"self":[{"href":"https:\/\/primermomento.com\/index.php?rest_route=\/wp\/v2\/posts\/345423","targetHints":{"allow":["GET"]}}],"collection":[{"href":"https:\/\/primermomento.com\/index.php?rest_route=\/wp\/v2\/posts"}],"about":[{"href":"https:\/\/primermomento.com\/index.php?rest_route=\/wp\/v2\/types\/post"}],"author":[{"embeddable":true,"href":"https:\/\/primermomento.com\/index.php?rest_route=\/wp\/v2\/users\/1"}],"replies":[{"embeddable":true,"href":"https:\/\/primermomento.com\/index.php?rest_route=%2Fwp%2Fv2%2Fcomments&post=345423"}],"version-history":[{"count":1,"href":"https:\/\/primermomento.com\/index.php?rest_route=\/wp\/v2\/posts\/345423\/revisions"}],"predecessor-version":[{"id":345425,"href":"https:\/\/primermomento.com\/index.php?rest_route=\/wp\/v2\/posts\/345423\/revisions\/345425"}],"wp:attachment":[{"href":"https:\/\/primermomento.com\/index.php?rest_route=%2Fwp%2Fv2%2Fmedia&parent=345423"}],"wp:term":[{"taxonomy":"category","embeddable":true,"href":"https:\/\/primermomento.com\/index.php?rest_route=%2Fwp%2Fv2%2Fcategories&post=345423"},{"taxonomy":"post_tag","embeddable":true,"href":"https:\/\/primermomento.com\/index.php?rest_route=%2Fwp%2Fv2%2Ftags&post=345423"}],"curies":[{"name":"wp","href":"https:\/\/api.w.org\/{rel}","templated":true}]}}