{"id":345426,"date":"2021-06-02T17:30:48","date_gmt":"2021-06-02T21:30:48","guid":{"rendered":"http:\/\/primermomento.com\/?p=345426"},"modified":"2021-06-02T17:30:49","modified_gmt":"2021-06-02T21:30:49","slug":"dominicana-y-china-conversan-sobre-relaciones-bilaterales","status":"publish","type":"post","link":"https:\/\/primermomento.com\/?p=345426","title":{"rendered":"Dominicana y China conversan sobre relaciones bilaterales"},"content":{"rendered":"\n<p>SANTO DOMINGO, Rep\u00fablica Dominicana.- Los presidentes de la Rep\u00fablica Dominicana, Luis Abinader, y de China, Xi Jinping, conversaron hoy sobre el desarrollo de las relaciones y la llegada a este pa\u00eds de las vacunas antiCovid-19 de procedencia china.<\/p>\n\n\n\n<div class=\"wp-block-image\"><figure class=\"aligncenter size-large\"><img loading=\"lazy\" decoding=\"async\" width=\"748\" height=\"498\" src=\"http:\/\/primermomento.com\/wp-content\/uploads\/2021\/06\/abinader-xi-jinping.jpg\" alt=\"\" class=\"wp-image-345427\" srcset=\"https:\/\/primermomento.com\/wp-content\/uploads\/2021\/06\/abinader-xi-jinping.jpg 748w, https:\/\/primermomento.com\/wp-content\/uploads\/2021\/06\/abinader-xi-jinping-300x200.jpg 300w, https:\/\/primermomento.com\/wp-content\/uploads\/2021\/06\/abinader-xi-jinping-73x50.jpg 73w, https:\/\/primermomento.com\/wp-content\/uploads\/2021\/06\/abinader-xi-jinping-500x333.jpg 500w, https:\/\/primermomento.com\/wp-content\/uploads\/2021\/06\/abinader-xi-jinping-280x186.jpg 280w, https:\/\/primermomento.com\/wp-content\/uploads\/2021\/06\/abinader-xi-jinping-60x40.jpg 60w, https:\/\/primermomento.com\/wp-content\/uploads\/2021\/06\/abinader-xi-jinping-638x425.jpg 638w, https:\/\/primermomento.com\/wp-content\/uploads\/2021\/06\/abinader-xi-jinping-118x79.jpg 118w, https:\/\/primermomento.com\/wp-content\/uploads\/2021\/06\/abinader-xi-jinping-479x319.jpg 479w\" sizes=\"auto, (max-width: 748px) 100vw, 748px\" \/><\/figure><\/div>\n\n\n\n<p>A trav\u00e9s de las redes sociales, el mandatario dominicano dio a conocer los detalles de su conversaci\u00f3n con el jefe de Estado asi\u00e1tico y manifest\u00f3 que le agradeci\u00f3 de manera especial por permitir la exportaci\u00f3n de vacunas.<\/p>\n\n\n\n<p>Asimismo, dijo que hablaron acerca de incrementar el intercambio comercial y la exportaciones de Dominicana hacia el gigante asi\u00e1tico. En febrero pasado, el pa\u00eds recibi\u00f3 el primer lote de 768 mil dosis de vacunas contra la Covid-19, procedentes de la naci\u00f3n asi\u00e1tica, el 17 de marzo lleg\u00f3 el segundo cargamento con un mill\u00f3n 50 mil dosis; el 21 de abril se recibieron 500 mil; el 5 de mayo dos millones y el \u00faltimo, el 25 de mayo con un mill\u00f3n de dosis.<\/p>\n\n\n\n<p>Dominicana y China establecieron relaciones diplom\u00e1ticas en mayo de 2018, durante la gesti\u00f3n del expresidente Danilo Medina.<\/p>\n\n\n\n<p class=\"has-text-align-right\"><em>PL<\/em><\/p>\n","protected":false},"excerpt":{"rendered":"<p>SANTO DOMINGO, Rep\u00fablica Dominicana.- Los presidentes de la Rep\u00fablica Dominicana, Luis Abinader, y de China, Xi Jinping, conversaron hoy sobre el desarrollo de las relaciones y la llegada a este pa\u00eds de las vacunas antiCovid-19 de procedencia china. A trav\u00e9s de las redes sociales, el mandatario dominicano dio a conocer los detalles de su conversaci\u00f3n [&hellip;]<\/p>\n","protected":false},"author":1,"featured_media":0,"comment_status":"open","ping_status":"open","sticky":false,"template":"","format":"standard","meta":{"_bbp_topic_count":0,"_bbp_reply_count":0,"_bbp_total_topic_count":0,"_bbp_total_reply_count":0,"_bbp_voice_count":0,"_bbp_anonymous_reply_count":0,"_bbp_topic_count_hidden":0,"_bbp_reply_count_hidden":0,"_bbp_forum_subforum_count":0,"footnotes":""},"categories":[30,60],"tags":[],"class_list":{"0":"post-345426","1":"post","2":"type-post","3":"status-publish","4":"format-standard","6":"category-actualidad","7":"category-titulares-del-dia"},"_links":{"self":[{"href":"https:\/\/primermomento.com\/index.php?rest_route=\/wp\/v2\/posts\/345426","targetHints":{"allow":["GET"]}}],"collection":[{"href":"https:\/\/primermomento.com\/index.php?rest_route=\/wp\/v2\/posts"}],"about":[{"href":"https:\/\/primermomento.com\/index.php?rest_route=\/wp\/v2\/types\/post"}],"author":[{"embeddable":true,"href":"https:\/\/primermomento.com\/index.php?rest_route=\/wp\/v2\/users\/1"}],"replies":[{"embeddable":true,"href":"https:\/\/primermomento.com\/index.php?rest_route=%2Fwp%2Fv2%2Fcomments&post=345426"}],"version-history":[{"count":1,"href":"https:\/\/primermomento.com\/index.php?rest_route=\/wp\/v2\/posts\/345426\/revisions"}],"predecessor-version":[{"id":345428,"href":"https:\/\/primermomento.com\/index.php?rest_route=\/wp\/v2\/posts\/345426\/revisions\/345428"}],"wp:attachment":[{"href":"https:\/\/primermomento.com\/index.php?rest_route=%2Fwp%2Fv2%2Fmedia&parent=345426"}],"wp:term":[{"taxonomy":"category","embeddable":true,"href":"https:\/\/primermomento.com\/index.php?rest_route=%2Fwp%2Fv2%2Fcategories&post=345426"},{"taxonomy":"post_tag","embeddable":true,"href":"https:\/\/primermomento.com\/index.php?rest_route=%2Fwp%2Fv2%2Ftags&post=345426"}],"curies":[{"name":"wp","href":"https:\/\/api.w.org\/{rel}","templated":true}]}}