{"id":345433,"date":"2021-06-02T17:38:35","date_gmt":"2021-06-02T21:38:35","guid":{"rendered":"http:\/\/primermomento.com\/?p=345433"},"modified":"2021-06-02T17:38:36","modified_gmt":"2021-06-02T21:38:36","slug":"covid-19-continua-al-alza-con-mil-659-nuevos-casos","status":"publish","type":"post","link":"https:\/\/primermomento.com\/?p=345433","title":{"rendered":"Covid-19 contin\u00faa al alza con mil 659 nuevos casos"},"content":{"rendered":"\n<p>SANTO DOMINGO, Rep\u00fablica Dominicana.- La Covid-19 contin\u00faa al alza en Rep\u00fablica Dominicana al notificarse hoy mil 659 nuevos casos y as\u00ed llegar a los 295 mil 680 infectados desde el inicio de la pandemia.<\/p>\n\n\n\n<figure class=\"wp-block-image size-large\"><img loading=\"lazy\" decoding=\"async\" width=\"748\" height=\"498\" src=\"http:\/\/primermomento.com\/wp-content\/uploads\/2021\/06\/covid19-en-alza.jpg\" alt=\"\" class=\"wp-image-345434\" srcset=\"https:\/\/primermomento.com\/wp-content\/uploads\/2021\/06\/covid19-en-alza.jpg 748w, https:\/\/primermomento.com\/wp-content\/uploads\/2021\/06\/covid19-en-alza-300x200.jpg 300w, https:\/\/primermomento.com\/wp-content\/uploads\/2021\/06\/covid19-en-alza-73x50.jpg 73w, https:\/\/primermomento.com\/wp-content\/uploads\/2021\/06\/covid19-en-alza-500x333.jpg 500w, https:\/\/primermomento.com\/wp-content\/uploads\/2021\/06\/covid19-en-alza-280x186.jpg 280w, https:\/\/primermomento.com\/wp-content\/uploads\/2021\/06\/covid19-en-alza-60x40.jpg 60w, https:\/\/primermomento.com\/wp-content\/uploads\/2021\/06\/covid19-en-alza-638x425.jpg 638w, https:\/\/primermomento.com\/wp-content\/uploads\/2021\/06\/covid19-en-alza-118x79.jpg 118w, https:\/\/primermomento.com\/wp-content\/uploads\/2021\/06\/covid19-en-alza-479x319.jpg 479w\" sizes=\"auto, (max-width: 748px) 100vw, 748px\" \/><\/figure>\n\n\n\n<p>En cuanto a los fallecidos, la informaci\u00f3n diaria del Ministerio de Salud P\u00fablica se\u00f1ala que en las \u00faltimas 24 horas fueron reportados tres, y la cifra total alcanz\u00f3 los tres mil 637.<\/p>\n\n\n\n<p>Asimismo, han sido descartadas un mill\u00f3n 267 mil 497 personas despu\u00e9s de llevarse a cabo la prueba de detecci\u00f3n y van por 242 mil 634 los recuperados.<\/p>\n\n\n\n<p>La tasa de letalidad se ubic\u00f3 en 1,23 por ciento y la de positividad diaria aument\u00f3 a 26,73.<\/p>\n\n\n\n<p>Con respecto a la ocupaci\u00f3n hospitalaria para atender casos de Covid-19, est\u00e1 en 48 por ciento, mientras que en las unidades de cuidados intensivos ronda el 71, aunque en el Gran Santo Domingo y la provincia San Crist\u00f3bal escasean los espacios.<\/p>\n\n\n\n<p>El Gobierno comenzar\u00e1 ma\u00f1ana jueves una operaci\u00f3n nacional de vacunaci\u00f3n comunitaria, en la cual estar\u00e1n involucrados todos los organismos del Estado con el objetivo de incrementar la inoculaci\u00f3n como v\u00eda para detener el actual rebrote y la pandemia en sentido general<\/p>\n\n\n\n<p>Adem\u00e1s de los 1500 puestos de vacunaci\u00f3n existentes en el pa\u00eds, la jornada incluir\u00e1 la habilitaci\u00f3n de unidades m\u00f3viles, las cuales recorrer\u00e1n los diferentes sectores de las indicadas demarcaciones, con la finalidad de llegar a cada hogar dominicano.<\/p>\n\n\n\n<p class=\"has-text-align-right\"><em>PL<\/em><\/p>\n","protected":false},"excerpt":{"rendered":"<p>SANTO DOMINGO, Rep\u00fablica Dominicana.- La Covid-19 contin\u00faa al alza en Rep\u00fablica Dominicana al notificarse hoy mil 659 nuevos casos y as\u00ed llegar a los 295 mil 680 infectados desde el inicio de la pandemia. En cuanto a los fallecidos, la informaci\u00f3n diaria del Ministerio de Salud P\u00fablica se\u00f1ala que en las \u00faltimas 24 horas fueron [&hellip;]<\/p>\n","protected":false},"author":1,"featured_media":0,"comment_status":"open","ping_status":"open","sticky":false,"template":"","format":"standard","meta":{"_bbp_topic_count":0,"_bbp_reply_count":0,"_bbp_total_topic_count":0,"_bbp_total_reply_count":0,"_bbp_voice_count":0,"_bbp_anonymous_reply_count":0,"_bbp_topic_count_hidden":0,"_bbp_reply_count_hidden":0,"_bbp_forum_subforum_count":0,"footnotes":""},"categories":[30,60],"tags":[],"class_list":{"0":"post-345433","1":"post","2":"type-post","3":"status-publish","4":"format-standard","6":"category-actualidad","7":"category-titulares-del-dia"},"_links":{"self":[{"href":"https:\/\/primermomento.com\/index.php?rest_route=\/wp\/v2\/posts\/345433","targetHints":{"allow":["GET"]}}],"collection":[{"href":"https:\/\/primermomento.com\/index.php?rest_route=\/wp\/v2\/posts"}],"about":[{"href":"https:\/\/primermomento.com\/index.php?rest_route=\/wp\/v2\/types\/post"}],"author":[{"embeddable":true,"href":"https:\/\/primermomento.com\/index.php?rest_route=\/wp\/v2\/users\/1"}],"replies":[{"embeddable":true,"href":"https:\/\/primermomento.com\/index.php?rest_route=%2Fwp%2Fv2%2Fcomments&post=345433"}],"version-history":[{"count":1,"href":"https:\/\/primermomento.com\/index.php?rest_route=\/wp\/v2\/posts\/345433\/revisions"}],"predecessor-version":[{"id":345435,"href":"https:\/\/primermomento.com\/index.php?rest_route=\/wp\/v2\/posts\/345433\/revisions\/345435"}],"wp:attachment":[{"href":"https:\/\/primermomento.com\/index.php?rest_route=%2Fwp%2Fv2%2Fmedia&parent=345433"}],"wp:term":[{"taxonomy":"category","embeddable":true,"href":"https:\/\/primermomento.com\/index.php?rest_route=%2Fwp%2Fv2%2Fcategories&post=345433"},{"taxonomy":"post_tag","embeddable":true,"href":"https:\/\/primermomento.com\/index.php?rest_route=%2Fwp%2Fv2%2Ftags&post=345433"}],"curies":[{"name":"wp","href":"https:\/\/api.w.org\/{rel}","templated":true}]}}