{"id":345436,"date":"2021-06-02T07:38:00","date_gmt":"2021-06-02T11:38:00","guid":{"rendered":"http:\/\/primermomento.com\/?p=345436"},"modified":"2021-06-02T17:42:25","modified_gmt":"2021-06-02T21:42:25","slug":"fifa-apoyara-el-enfrentamiento-a-la-covid-19","status":"publish","type":"post","link":"https:\/\/primermomento.com\/?p=345436","title":{"rendered":"FIFA apoyar\u00e1 el enfrentamiento a la Covid-19"},"content":{"rendered":"\n<p>NUEVA YORK, EEUU.- La Federaci\u00f3n Internacional de F\u00fatbol Asociaci\u00f3n (FIFA) apoyar\u00e1 con un plan especial el enfrentamiento a la pandemia de la Covid-19, anunci\u00f3 hoy aqu\u00ed el presidente de la entidad, Gianni Infantino.<\/p>\n\n\n\n<div class=\"wp-block-image\"><figure class=\"aligncenter size-large\"><img loading=\"lazy\" decoding=\"async\" width=\"748\" height=\"498\" src=\"http:\/\/primermomento.com\/wp-content\/uploads\/2021\/06\/Gianni-Infantino.jpg\" alt=\"\" class=\"wp-image-345437\" srcset=\"https:\/\/primermomento.com\/wp-content\/uploads\/2021\/06\/Gianni-Infantino.jpg 748w, https:\/\/primermomento.com\/wp-content\/uploads\/2021\/06\/Gianni-Infantino-300x200.jpg 300w, https:\/\/primermomento.com\/wp-content\/uploads\/2021\/06\/Gianni-Infantino-73x50.jpg 73w, https:\/\/primermomento.com\/wp-content\/uploads\/2021\/06\/Gianni-Infantino-500x333.jpg 500w, https:\/\/primermomento.com\/wp-content\/uploads\/2021\/06\/Gianni-Infantino-280x186.jpg 280w, https:\/\/primermomento.com\/wp-content\/uploads\/2021\/06\/Gianni-Infantino-60x40.jpg 60w, https:\/\/primermomento.com\/wp-content\/uploads\/2021\/06\/Gianni-Infantino-638x425.jpg 638w, https:\/\/primermomento.com\/wp-content\/uploads\/2021\/06\/Gianni-Infantino-118x79.jpg 118w, https:\/\/primermomento.com\/wp-content\/uploads\/2021\/06\/Gianni-Infantino-479x319.jpg 479w\" sizes=\"auto, (max-width: 748px) 100vw, 748px\" \/><figcaption><em>Gianni Infantino<\/em><\/figcaption><\/figure><\/div>\n\n\n\n<p>Ante la Asamblea General de la Naciones Unidas, el directivo precis\u00f3 que el organismo otorgar\u00e1 mil 500 millones de d\u00f3lares para ayudar a las federaciones y confederaciones a lidiar con la crisis provocada por el coronavirus SARS-CoV-2, causante de la Covid-19.<\/p>\n\n\n\n<p>Adem\u00e1s, insisti\u00f3 en el gran compromiso de la m\u00e1xima instituci\u00f3n del balompi\u00e9 en el orbe en la lucha contra la corrupci\u00f3n y el arreglo de partidos.<\/p>\n\n\n\n<p>La nueva FIFA aprendi\u00f3 de las experiencias pasadas, afirm\u00f3 para referirse al esc\u00e1ndalo que provoc\u00f3 un cambio de autoridades en el seno de la entidad en 2015.<\/p>\n\n\n\n<p>Seg\u00fan Infantino, para contrarrestar ese flagelo y evitar cualquier abuso, el organismo cre\u00f3 un s\u00f3lido mecanismo de gobernabilidad financiera, con balances certificados y revisiones separadas.<\/p>\n\n\n\n<p>&#8216;La manipulaci\u00f3n de los partidos, aunque relativamente rara, tiene un impacto devastador sobre la integridad del juego, de las competencias y de los equipos&#8217;, asever\u00f3.<\/p>\n\n\n\n<p>Por otra parte, adelant\u00f3 que la FIFA afrontar\u00e1 todas las denuncias recibidas sobre abusos sexuales y acosos contra futbolistas menores de edad.<\/p>\n\n\n\n<p>Las organizaciones deportivas deben disponer de medidas preventivas y de medios apropiados para responder a esas preocupaciones o acusaciones, subray\u00f3.<\/p>\n\n\n\n<p>En ese sentido, inform\u00f3 que la entidad prepara un programa de apoyo a las federaciones, el Fifa Guardians Program, y la ONU eval\u00faa crear un centro internacional para el deporte seguro, independiente, interdisciplinario, multigubernamental y multiagencia.<\/p>\n\n\n\n<p>Tambi\u00e9n hizo alusi\u00f3n al acuerdo de la FIFA y la Oficina de la ONU contra la Droga y el Crimen y su compromiso de tolerancia cero contra la corrupci\u00f3n.<\/p>\n\n\n\n<p class=\"has-text-align-right\"><em>PL<\/em><\/p>\n","protected":false},"excerpt":{"rendered":"<p>NUEVA YORK, EEUU.- La Federaci\u00f3n Internacional de F\u00fatbol Asociaci\u00f3n (FIFA) apoyar\u00e1 con un plan especial el enfrentamiento a la pandemia de la Covid-19, anunci\u00f3 hoy aqu\u00ed el presidente de la entidad, Gianni Infantino. Ante la Asamblea General de la Naciones Unidas, el directivo precis\u00f3 que el organismo otorgar\u00e1 mil 500 millones de d\u00f3lares para ayudar [&hellip;]<\/p>\n","protected":false},"author":1,"featured_media":0,"comment_status":"open","ping_status":"open","sticky":false,"template":"","format":"standard","meta":{"_bbp_topic_count":0,"_bbp_reply_count":0,"_bbp_total_topic_count":0,"_bbp_total_reply_count":0,"_bbp_voice_count":0,"_bbp_anonymous_reply_count":0,"_bbp_topic_count_hidden":0,"_bbp_reply_count_hidden":0,"_bbp_forum_subforum_count":0,"footnotes":""},"categories":[42],"tags":[],"class_list":{"0":"post-345436","1":"post","2":"type-post","3":"status-publish","4":"format-standard","6":"category-deportes"},"_links":{"self":[{"href":"https:\/\/primermomento.com\/index.php?rest_route=\/wp\/v2\/posts\/345436","targetHints":{"allow":["GET"]}}],"collection":[{"href":"https:\/\/primermomento.com\/index.php?rest_route=\/wp\/v2\/posts"}],"about":[{"href":"https:\/\/primermomento.com\/index.php?rest_route=\/wp\/v2\/types\/post"}],"author":[{"embeddable":true,"href":"https:\/\/primermomento.com\/index.php?rest_route=\/wp\/v2\/users\/1"}],"replies":[{"embeddable":true,"href":"https:\/\/primermomento.com\/index.php?rest_route=%2Fwp%2Fv2%2Fcomments&post=345436"}],"version-history":[{"count":1,"href":"https:\/\/primermomento.com\/index.php?rest_route=\/wp\/v2\/posts\/345436\/revisions"}],"predecessor-version":[{"id":345438,"href":"https:\/\/primermomento.com\/index.php?rest_route=\/wp\/v2\/posts\/345436\/revisions\/345438"}],"wp:attachment":[{"href":"https:\/\/primermomento.com\/index.php?rest_route=%2Fwp%2Fv2%2Fmedia&parent=345436"}],"wp:term":[{"taxonomy":"category","embeddable":true,"href":"https:\/\/primermomento.com\/index.php?rest_route=%2Fwp%2Fv2%2Fcategories&post=345436"},{"taxonomy":"post_tag","embeddable":true,"href":"https:\/\/primermomento.com\/index.php?rest_route=%2Fwp%2Fv2%2Ftags&post=345436"}],"curies":[{"name":"wp","href":"https:\/\/api.w.org\/{rel}","templated":true}]}}