{"id":345439,"date":"2021-06-02T08:42:00","date_gmt":"2021-06-02T12:42:00","guid":{"rendered":"http:\/\/primermomento.com\/?p=345439"},"modified":"2021-06-02T17:46:02","modified_gmt":"2021-06-02T21:46:02","slug":"cierran-en-eeuu-el-blog-del-expresidente-donald-trump","status":"publish","type":"post","link":"https:\/\/primermomento.com\/?p=345439","title":{"rendered":"Cierran en EEUU el blog del expresidente Donald Trump"},"content":{"rendered":"\n<p>WASHINGTON, EEUU.- El blog del expresidente estadounidense Donald Trump, donde comparti\u00f3 desde el mes pasado declaraciones tras ser expulsado de Twitter y Facebook, fue cerrado, confirmaron hoy varios medios de prensa norteamericanos.<\/p>\n\n\n\n<div class=\"wp-block-image\"><figure class=\"aligncenter size-large\"><img loading=\"lazy\" decoding=\"async\" width=\"748\" height=\"498\" src=\"http:\/\/primermomento.com\/wp-content\/uploads\/2021\/06\/trump-blog.jpg\" alt=\"\" class=\"wp-image-345440\" srcset=\"https:\/\/primermomento.com\/wp-content\/uploads\/2021\/06\/trump-blog.jpg 748w, https:\/\/primermomento.com\/wp-content\/uploads\/2021\/06\/trump-blog-300x200.jpg 300w, https:\/\/primermomento.com\/wp-content\/uploads\/2021\/06\/trump-blog-73x50.jpg 73w, https:\/\/primermomento.com\/wp-content\/uploads\/2021\/06\/trump-blog-500x333.jpg 500w, https:\/\/primermomento.com\/wp-content\/uploads\/2021\/06\/trump-blog-280x186.jpg 280w, https:\/\/primermomento.com\/wp-content\/uploads\/2021\/06\/trump-blog-60x40.jpg 60w, https:\/\/primermomento.com\/wp-content\/uploads\/2021\/06\/trump-blog-638x425.jpg 638w, https:\/\/primermomento.com\/wp-content\/uploads\/2021\/06\/trump-blog-118x79.jpg 118w, https:\/\/primermomento.com\/wp-content\/uploads\/2021\/06\/trump-blog-479x319.jpg 479w\" sizes=\"auto, (max-width: 748px) 100vw, 748px\" \/><\/figure><\/div>\n\n\n\n<p>Seg\u00fan el diario The Washington Post, las interacciones con las publicaciones en el blog de Trump se redujeron significativamente en las semanas posteriores a su lanzamiento en mayo, despu\u00e9s de que en su primer d\u00eda en el ciberespacio tuvo 159 mil intercambios con sus seguidores.<\/p>\n\n\n\n<p>Pero en la jornada siguiente, los accesos se redujeron a 30 mil y no superaron las 15 mil por d\u00eda desde ese pico.<\/p>\n\n\n\n<p>El portal web, denominado &#8216;Desde el escritorio de Donald Trump&#8217;, a\u00fan existe, pero ahora solo permite a los usuarios enviar sus direcciones de correo electr\u00f3nico y n\u00fameros de tel\u00e9fonos para registrarse y recibir actualizaciones del exgobernante republicano, quien hizo un amplio uso de las redes sociales durante su mandato (2017-2021) con mensajes casi siempre pol\u00e9micos y agresivos.<\/p>\n\n\n\n<p>El asesor principal de Trump, Jason Miller, confirm\u00f3 al diario The Hill que el blog no volver\u00e1, y lo calific\u00f3 de elementos auxiliar de los esfuerzos m\u00e1s amplios que tenemos y en los que estamos trabajando, pero no qued\u00f3 claro de inmediato qu\u00e9 otras v\u00edas seguir\u00eda Trump para comunicarse con sus partidarios.<\/p>\n\n\n\n<p>Varias plataformas de redes sociales, incluidas Twitter y Facebook, prohibieron las cuentas de Trump a ra\u00edz del ataque al Capitolio del 6 de enero, debido a sus afirmaciones infundadas de fraude electoral generalizado en las presidenciales de 2020, en las que el magnate y candidato a la reelecci\u00f3n fue derrotado por el hoy jefe de la Casa Blanca, Joe Biden.<\/p>\n\n\n\n<p>Al exgobernante se le acus\u00f3 de incitar a sus seguidores que invadieron la sede del Congreso ese d\u00eda y provocaron cinco muertos y decenas de heridos, un asunto que est\u00e1 pendiente de investigaci\u00f3n por parte del Senado y la C\u00e1mara de Representantes estadounidenses.<\/p>\n\n\n\n<p>Los legisladores republicanos obstaculizan la pesquisa por temor a las consecuencias pol\u00edticas que pueda haber con vista a los comicios de medios t\u00e9rmino de 2022.<\/p>\n\n\n\n<p>Facebook anunci\u00f3 el mes pasado que su prohibici\u00f3n de la cuenta de Trump continuar\u00eda luego de una decisi\u00f3n emitida por su Junta de Supervisi\u00f3n independiente, pero el mencionado panel se\u00f1al\u00f3 que una suspensi\u00f3n indefinida no era apropiada, y pidi\u00f3 a la direcci\u00f3n de esa compa\u00f1\u00eda que revisara la decisi\u00f3n y desarrollara una &#8216;respuesta proporcionada&#8217; dentro de seis meses.<\/p>\n\n\n\n<p>El director financiero de Twitter, Ned Segal, dijo a principios de este a\u00f1o que la prohibici\u00f3n a Trump de la principal plataforma de redes sociales es permanente, incluso si se postula para presidente nuevamente en 2024.<\/p>\n\n\n\n<p class=\"has-text-align-right\"><em>PL<\/em><\/p>\n","protected":false},"excerpt":{"rendered":"<p>WASHINGTON, EEUU.- El blog del expresidente estadounidense Donald Trump, donde comparti\u00f3 desde el mes pasado declaraciones tras ser expulsado de Twitter y Facebook, fue cerrado, confirmaron hoy varios medios de prensa norteamericanos. Seg\u00fan el diario The Washington Post, las interacciones con las publicaciones en el blog de Trump se redujeron significativamente en las semanas posteriores [&hellip;]<\/p>\n","protected":false},"author":1,"featured_media":0,"comment_status":"open","ping_status":"open","sticky":false,"template":"","format":"standard","meta":{"_bbp_topic_count":0,"_bbp_reply_count":0,"_bbp_total_topic_count":0,"_bbp_total_reply_count":0,"_bbp_voice_count":0,"_bbp_anonymous_reply_count":0,"_bbp_topic_count_hidden":0,"_bbp_reply_count_hidden":0,"_bbp_forum_subforum_count":0,"footnotes":""},"categories":[37,60],"tags":[],"class_list":{"0":"post-345439","1":"post","2":"type-post","3":"status-publish","4":"format-standard","6":"category-ciencia-tecnologia","7":"category-titulares-del-dia"},"_links":{"self":[{"href":"https:\/\/primermomento.com\/index.php?rest_route=\/wp\/v2\/posts\/345439","targetHints":{"allow":["GET"]}}],"collection":[{"href":"https:\/\/primermomento.com\/index.php?rest_route=\/wp\/v2\/posts"}],"about":[{"href":"https:\/\/primermomento.com\/index.php?rest_route=\/wp\/v2\/types\/post"}],"author":[{"embeddable":true,"href":"https:\/\/primermomento.com\/index.php?rest_route=\/wp\/v2\/users\/1"}],"replies":[{"embeddable":true,"href":"https:\/\/primermomento.com\/index.php?rest_route=%2Fwp%2Fv2%2Fcomments&post=345439"}],"version-history":[{"count":1,"href":"https:\/\/primermomento.com\/index.php?rest_route=\/wp\/v2\/posts\/345439\/revisions"}],"predecessor-version":[{"id":345441,"href":"https:\/\/primermomento.com\/index.php?rest_route=\/wp\/v2\/posts\/345439\/revisions\/345441"}],"wp:attachment":[{"href":"https:\/\/primermomento.com\/index.php?rest_route=%2Fwp%2Fv2%2Fmedia&parent=345439"}],"wp:term":[{"taxonomy":"category","embeddable":true,"href":"https:\/\/primermomento.com\/index.php?rest_route=%2Fwp%2Fv2%2Fcategories&post=345439"},{"taxonomy":"post_tag","embeddable":true,"href":"https:\/\/primermomento.com\/index.php?rest_route=%2Fwp%2Fv2%2Ftags&post=345439"}],"curies":[{"name":"wp","href":"https:\/\/api.w.org\/{rel}","templated":true}]}}