{"id":345444,"date":"2021-06-02T18:03:50","date_gmt":"2021-06-02T22:03:50","guid":{"rendered":"http:\/\/primermomento.com\/?p=345444"},"modified":"2021-06-02T18:04:41","modified_gmt":"2021-06-02T22:04:41","slug":"banl-alcaldia-inicia-campana-de-motivacion-para-la-vacuna","status":"publish","type":"post","link":"https:\/\/primermomento.com\/?p=345444","title":{"rendered":"BAN\u013a | Alcald\u00eda inicia campa\u00f1a de motivaci\u00f3n para vacunarse"},"content":{"rendered":"\n<p>BAN\u013a, Rep\u00fablica Dominicana.- El alcalde Santo Ram\u00edrez asisti\u00f3 a un encuentro convocado por la Gobernaci\u00f3n Civil de Peravia, este mi\u00e9rcoles, que cont\u00f3 con la participaci\u00f3n de una comisi\u00f3n de la Presidencia de la Rep\u00fablica, con el fin de dar continuidad, de manera persistente, al plan de vacunaci\u00f3n contra el Covid-19, con el que se pretende disminuir los casos por contagio de este mortal virus.<\/p>\n\n\n\n<div class=\"wp-block-image\"><figure class=\"aligncenter size-large\"><img loading=\"lazy\" decoding=\"async\" width=\"713\" height=\"476\" src=\"http:\/\/primermomento.com\/wp-content\/uploads\/2021\/06\/Santo-Ramirez-en-la-Gobernacion.jpg\" alt=\"\" class=\"wp-image-345445\" srcset=\"https:\/\/primermomento.com\/wp-content\/uploads\/2021\/06\/Santo-Ramirez-en-la-Gobernacion.jpg 713w, https:\/\/primermomento.com\/wp-content\/uploads\/2021\/06\/Santo-Ramirez-en-la-Gobernacion-300x200.jpg 300w, https:\/\/primermomento.com\/wp-content\/uploads\/2021\/06\/Santo-Ramirez-en-la-Gobernacion-73x50.jpg 73w, https:\/\/primermomento.com\/wp-content\/uploads\/2021\/06\/Santo-Ramirez-en-la-Gobernacion-500x334.jpg 500w, https:\/\/primermomento.com\/wp-content\/uploads\/2021\/06\/Santo-Ramirez-en-la-Gobernacion-280x187.jpg 280w, https:\/\/primermomento.com\/wp-content\/uploads\/2021\/06\/Santo-Ramirez-en-la-Gobernacion-60x40.jpg 60w, https:\/\/primermomento.com\/wp-content\/uploads\/2021\/06\/Santo-Ramirez-en-la-Gobernacion-638x426.jpg 638w, https:\/\/primermomento.com\/wp-content\/uploads\/2021\/06\/Santo-Ramirez-en-la-Gobernacion-118x79.jpg 118w, https:\/\/primermomento.com\/wp-content\/uploads\/2021\/06\/Santo-Ramirez-en-la-Gobernacion-479x320.jpg 479w\" sizes=\"auto, (max-width: 713px) 100vw, 713px\" \/><figcaption>Santo Ram\u00edr<em>ez<\/em><\/figcaption><\/figure><\/div>\n\n\n\n<p>En su intervenci\u00f3n, el ejecutivo municipal expres\u00f3 que como Alcald\u00eda se inici\u00f3 a partir de hoy una campa\u00f1a de motivaci\u00f3n a trav\u00e9s de porifoneo por las calles de Ban\u00ed, para que la poblaci\u00f3n asista a vacunarse, de igual modo desde que dio apertura la jornada de vacunaci\u00f3n la explanada frontal del Ayuntamiento fue puesta a disposici\u00f3n de la DPS Peravia para que la ciudadan\u00eda acuda a inocularse, al igual que el personal de trabajo que labora en la instituci\u00f3n.<\/p>\n\n\n\n<p>Sostuvo que tiene la mejor intenci\u00f3n de contribuir con la erradicaci\u00f3n del mal, por lo que, en caso de que sea necesario, puso a la disposici\u00f3n de la dependencia de salud un local ubicado en la calle Mella esquina 16 de Agosto.<\/p>\n\n\n\n<p>Durante el encuentro, el director de operaciones de la Presidencia, Anibal Belliard, extern\u00f3 su preocupaci\u00f3n ante el aumento del virus por lo que llam\u00f3 a todos los sectores de la poblaci\u00f3n a unir esfuerzos mancomunados para vencerlo.<\/p>\n\n\n\n<p>Mientras que las autoridades all\u00ed presentes, entre ellos la gobernadora provincial \u00c1ngela Yadira B\u00e1ez, el diputado Julito Fulcar, el vicealcalde de Matanzas Wascar P\u00e9rez, as\u00ed como el director regional de salud Dr. Montero, el presidente de la organizaci\u00f3n comunitaria FEDOCORE, F\u00e9lix And\u00fajar, la vicepresidenta del Concejo Edilicio, Denny B\u00e1ez, la regidora Carolina D\u00edaz, el pastor Ofny Mart\u00ednez y en representaci\u00f3n de la C\u00e1mara de Comercio, Salom\u00f3n Rodr\u00edguez, expusieron sobre los esfuerzos que han hecho para combatir la enfermedad viral, destacando los m\u00faltiples operativos de vacunaci\u00f3n y habilitaci\u00f3n de nuevos centros para estos fines, as\u00ed como concienciaci\u00f3n en los diferentes sectores y comunidades que comprenden el municipio y zonas aleda\u00f1as, pero, seg\u00fan manifestaron, necesitan ver el apoyo de las instituciones del Gobierno central para que la inmunizaci\u00f3n llegue a los lugares m\u00e1s rec\u00f3nditos donde habitan gran n\u00famero de personas que, por falta de transporte, se les dificulta trasladarse a colocarse la vacuna entre ellos citaron la comunidad El Recodo.<\/p>\n\n\n\n<p>Indicaron que a nivel regional existen 36 unidades de atenci\u00f3n primarias que se encuentran equipadas ante cualquier emergencia y donde se ha procedido a colocar la vacuna contra el Covid, pero aparte de esto han solicitado a diferentes comercios, estaciones de radio y televisi\u00f3n la ayuda para que coloquen publicidad de motivaci\u00f3n o apertura de nuevos puestos fijos para la colocaci\u00f3n de vacunas.<\/p>\n\n\n\n<p>Otras de las autoridades que estuvieron presentes en el encuentro, fueron el director Regional Sur Central de la PN, general Garibadi Mancebo Bautista, el alcalde de Nizao, Eleazar Guerrero, el viceministro de trabajo, Demetrio Paulino, y el comandante de la Armada, \u00c1ngelo Vargas, entre otras delegaciones del Comit\u00e9 de Desarrollo Provincial, de la DGII y de INABIMA.<\/p>\n","protected":false},"excerpt":{"rendered":"<p>BAN\u013a, Rep\u00fablica Dominicana.- El alcalde Santo Ram\u00edrez asisti\u00f3 a un encuentro convocado por la Gobernaci\u00f3n Civil de Peravia, este mi\u00e9rcoles, que cont\u00f3 con la participaci\u00f3n de una comisi\u00f3n de la Presidencia de la Rep\u00fablica, con el fin de dar continuidad, de manera persistente, al plan de vacunaci\u00f3n contra el Covid-19, con el que se pretende [&hellip;]<\/p>\n","protected":false},"author":1,"featured_media":0,"comment_status":"open","ping_status":"open","sticky":false,"template":"","format":"standard","meta":{"_bbp_topic_count":0,"_bbp_reply_count":0,"_bbp_total_topic_count":0,"_bbp_total_reply_count":0,"_bbp_voice_count":0,"_bbp_anonymous_reply_count":0,"_bbp_topic_count_hidden":0,"_bbp_reply_count_hidden":0,"_bbp_forum_subforum_count":0,"footnotes":""},"categories":[30,60],"tags":[],"class_list":{"0":"post-345444","1":"post","2":"type-post","3":"status-publish","4":"format-standard","6":"category-actualidad","7":"category-titulares-del-dia"},"_links":{"self":[{"href":"https:\/\/primermomento.com\/index.php?rest_route=\/wp\/v2\/posts\/345444","targetHints":{"allow":["GET"]}}],"collection":[{"href":"https:\/\/primermomento.com\/index.php?rest_route=\/wp\/v2\/posts"}],"about":[{"href":"https:\/\/primermomento.com\/index.php?rest_route=\/wp\/v2\/types\/post"}],"author":[{"embeddable":true,"href":"https:\/\/primermomento.com\/index.php?rest_route=\/wp\/v2\/users\/1"}],"replies":[{"embeddable":true,"href":"https:\/\/primermomento.com\/index.php?rest_route=%2Fwp%2Fv2%2Fcomments&post=345444"}],"version-history":[{"count":2,"href":"https:\/\/primermomento.com\/index.php?rest_route=\/wp\/v2\/posts\/345444\/revisions"}],"predecessor-version":[{"id":345448,"href":"https:\/\/primermomento.com\/index.php?rest_route=\/wp\/v2\/posts\/345444\/revisions\/345448"}],"wp:attachment":[{"href":"https:\/\/primermomento.com\/index.php?rest_route=%2Fwp%2Fv2%2Fmedia&parent=345444"}],"wp:term":[{"taxonomy":"category","embeddable":true,"href":"https:\/\/primermomento.com\/index.php?rest_route=%2Fwp%2Fv2%2Fcategories&post=345444"},{"taxonomy":"post_tag","embeddable":true,"href":"https:\/\/primermomento.com\/index.php?rest_route=%2Fwp%2Fv2%2Ftags&post=345444"}],"curies":[{"name":"wp","href":"https:\/\/api.w.org\/{rel}","templated":true}]}}