{"id":345449,"date":"2021-06-02T17:55:00","date_gmt":"2021-06-02T21:55:00","guid":{"rendered":"http:\/\/primermomento.com\/?p=345449"},"modified":"2021-06-02T18:23:07","modified_gmt":"2021-06-02T22:23:07","slug":"banl-diputado-julito-fulcar-llama-a-la-unidad-contra-el-covid-19","status":"publish","type":"post","link":"https:\/\/primermomento.com\/?p=345449","title":{"rendered":"BAN\u013a | Diputado Julito Fulcar reitera llamado contra el Covid-19"},"content":{"rendered":"\n<ul class=\"wp-block-list\"><li><strong>Pidi\u00f3 a los comerciantes y empresarios hacer aportes para auxiliar a la poblaci\u00f3n m\u00e1s vulnerable.<\/strong><\/li><\/ul>\n\n\n\n<p>BAN\u013a, Rep\u00fablica Dominicana.- El diputado por el Partido Revolucionario Dominicano (PRM), Julito Fulcar, sostuvo una reuni\u00f3n con diferentes autoridades y dirigentes comunitarios de Perav\u00eda, con quienes trat\u00f3 nuevas estrategias para enfrentar el rebrote del Covid-19 en esa ciudad sure\u00f1a.<\/p>\n\n\n\n<div class=\"wp-block-image\"><figure class=\"aligncenter size-large\"><img loading=\"lazy\" decoding=\"async\" width=\"713\" height=\"476\" src=\"http:\/\/primermomento.com\/wp-content\/uploads\/2021\/06\/Fulcar-y-reunion-gobernacion.jpg\" alt=\"\" class=\"wp-image-345450\" srcset=\"https:\/\/primermomento.com\/wp-content\/uploads\/2021\/06\/Fulcar-y-reunion-gobernacion.jpg 713w, https:\/\/primermomento.com\/wp-content\/uploads\/2021\/06\/Fulcar-y-reunion-gobernacion-300x200.jpg 300w, https:\/\/primermomento.com\/wp-content\/uploads\/2021\/06\/Fulcar-y-reunion-gobernacion-73x50.jpg 73w, https:\/\/primermomento.com\/wp-content\/uploads\/2021\/06\/Fulcar-y-reunion-gobernacion-500x334.jpg 500w, https:\/\/primermomento.com\/wp-content\/uploads\/2021\/06\/Fulcar-y-reunion-gobernacion-280x187.jpg 280w, https:\/\/primermomento.com\/wp-content\/uploads\/2021\/06\/Fulcar-y-reunion-gobernacion-60x40.jpg 60w, https:\/\/primermomento.com\/wp-content\/uploads\/2021\/06\/Fulcar-y-reunion-gobernacion-638x426.jpg 638w, https:\/\/primermomento.com\/wp-content\/uploads\/2021\/06\/Fulcar-y-reunion-gobernacion-118x79.jpg 118w, https:\/\/primermomento.com\/wp-content\/uploads\/2021\/06\/Fulcar-y-reunion-gobernacion-479x320.jpg 479w\" sizes=\"auto, (max-width: 713px) 100vw, 713px\" \/><\/figure><\/div>\n\n\n\n<p>El vocero del PRM en la C\u00e1mara baja, hizo un llamado a los comerciantes y empresarios a que respeten el protocolo sanitario establecido por el Ministerio de Salud P\u00fablica y las medidas establecidas por decreto por el presidente de la Rep\u00fablica, Luis Abinader.<\/p>\n\n\n\n<p>Durante el encuentro, el congresista puso su oficina legislativa y el personal que all\u00ed labora a disposici\u00f3n de las autoridades para la campa\u00f1a de vacunaci\u00f3n nacional que a partir de este jueves estar\u00e1 llevando a cabo el gobierno en todo el pa\u00eds.<\/p>\n\n\n\n<p>As\u00ed mismo, asumi\u00f3 de manera personal, el pago de una campa\u00f1a radial en las emisoras de Ban\u00ed alusiva a la importancia de la vacunaci\u00f3n para salir lo antes posible de la crisis sanitaria en que est\u00e1 sumergido el pa\u00eds desde hace m\u00e1s de un a\u00f1o por la aparici\u00f3n de la pandemia del Coronavirus en todo el mundo.<\/p>\n\n\n\n<p>El diputado Fulcar hizo un llamado a las autoridades, empresarios y comerciantes de la provincia para que realicen aportes de manera personal con el fin de colaborar con la poblaci\u00f3n m\u00e1s vulnerable que no tiene los recursos para trasladarse a los lugares donde operan los centros de vacunaci\u00f3n.<\/p>\n\n\n\n<p>En la reuni\u00f3n realizada en la Gobernaci\u00f3n, participaron dirigentes sociales, pol\u00edticos, empresariales, comunitarios, legislativos y gubernamentales, donde se plantearon alternativas acerca de lo que quiere la sociedad banileja.<\/p>\n\n\n\n<p>El diputado Julito Fulcar reiter\u00f3 el llamado para que las autoridades redoblen el esfuerzo y que no haya ning\u00fan tipo de complacencia con los violadores del toque de queda y el protocolo establecido por el Ministerio de Salud P\u00fablica.<\/p>\n","protected":false},"excerpt":{"rendered":"<p>Pidi\u00f3 a los comerciantes y empresarios hacer aportes para auxiliar a la poblaci\u00f3n m\u00e1s vulnerable. BAN\u013a, Rep\u00fablica Dominicana.- El diputado por el Partido Revolucionario Dominicano (PRM), Julito Fulcar, sostuvo una reuni\u00f3n con diferentes autoridades y dirigentes comunitarios de Perav\u00eda, con quienes trat\u00f3 nuevas estrategias para enfrentar el rebrote del Covid-19 en esa ciudad sure\u00f1a. El [&hellip;]<\/p>\n","protected":false},"author":1,"featured_media":0,"comment_status":"open","ping_status":"open","sticky":false,"template":"","format":"standard","meta":{"_bbp_topic_count":0,"_bbp_reply_count":0,"_bbp_total_topic_count":0,"_bbp_total_reply_count":0,"_bbp_voice_count":0,"_bbp_anonymous_reply_count":0,"_bbp_topic_count_hidden":0,"_bbp_reply_count_hidden":0,"_bbp_forum_subforum_count":0,"footnotes":""},"categories":[60,32],"tags":[],"class_list":{"0":"post-345449","1":"post","2":"type-post","3":"status-publish","4":"format-standard","6":"category-titulares-del-dia","7":"category-lo-ultimo"},"_links":{"self":[{"href":"https:\/\/primermomento.com\/index.php?rest_route=\/wp\/v2\/posts\/345449","targetHints":{"allow":["GET"]}}],"collection":[{"href":"https:\/\/primermomento.com\/index.php?rest_route=\/wp\/v2\/posts"}],"about":[{"href":"https:\/\/primermomento.com\/index.php?rest_route=\/wp\/v2\/types\/post"}],"author":[{"embeddable":true,"href":"https:\/\/primermomento.com\/index.php?rest_route=\/wp\/v2\/users\/1"}],"replies":[{"embeddable":true,"href":"https:\/\/primermomento.com\/index.php?rest_route=%2Fwp%2Fv2%2Fcomments&post=345449"}],"version-history":[{"count":2,"href":"https:\/\/primermomento.com\/index.php?rest_route=\/wp\/v2\/posts\/345449\/revisions"}],"predecessor-version":[{"id":345453,"href":"https:\/\/primermomento.com\/index.php?rest_route=\/wp\/v2\/posts\/345449\/revisions\/345453"}],"wp:attachment":[{"href":"https:\/\/primermomento.com\/index.php?rest_route=%2Fwp%2Fv2%2Fmedia&parent=345449"}],"wp:term":[{"taxonomy":"category","embeddable":true,"href":"https:\/\/primermomento.com\/index.php?rest_route=%2Fwp%2Fv2%2Fcategories&post=345449"},{"taxonomy":"post_tag","embeddable":true,"href":"https:\/\/primermomento.com\/index.php?rest_route=%2Fwp%2Fv2%2Ftags&post=345449"}],"curies":[{"name":"wp","href":"https:\/\/api.w.org\/{rel}","templated":true}]}}