{"id":345459,"date":"2021-06-02T06:09:00","date_gmt":"2021-06-02T10:09:00","guid":{"rendered":"http:\/\/primermomento.com\/?p=345459"},"modified":"2021-06-02T20:14:41","modified_gmt":"2021-06-03T00:14:41","slug":"agora-60-anos-entre-la-continuidad-y-el-cambio","status":"publish","type":"post","link":"https:\/\/primermomento.com\/?p=345459","title":{"rendered":"\u00c1GORA | 60 a\u00f1os entre la continuidad y el cambio"},"content":{"rendered":"\n<p>Al pasar abalance sobre algunos eventos que marcan la historia y\/o el devenir de los pueblos, son recurrentes las expresiones de desencanto, decepci\u00f3n y a veces de incertidumbre sobre el porvenir. Pero tambi\u00e9n manifestaciones de esperanza y de valoraciones sustancialmente positivas sobre los resultados de esos eventos. La conmemoraci\u00f3n de los 60 a\u00f1os del ajusticiamiento de Trujillo, que puso fin a su sangrienta dictadura, constituye uno de esos momentos, con la particularidad de que se hace en una coyuntura pol\u00edtica, como la presente, signada por un profundo sentimiento de esperanza causada por las luchas pol\u00edticas y sociales que la produjeron. Eso hace imperativo el combate pol\u00edtico y de ideas para potenciar los hechos que validan las expectativas creadas por esas luchas.<\/p>\n\n\n\n<div class=\"wp-block-image\"><figure class=\"alignleft size-large\"><img loading=\"lazy\" decoding=\"async\" width=\"200\" height=\"133\" src=\"http:\/\/primermomento.com\/wp-content\/uploads\/2016\/08\/Cesar-Perez-e1544643175836.jpg\" alt=\"\" class=\"wp-image-280305\"\/><\/figure><\/div>\n\n\n\n<p>Lo primero es que es necesario desmontar los mitos difundidos para sobrevalorar la presencia del trujillismo en la sociedad dominicana. Para ello, resulta importante diferenciar ese sentimiento de otras vertientes del conservadorismo en la sociedad dominicana, que s\u00ed mantienen un significativo peso en nuestra cultura pol\u00edtica. La derecha dominicana tiene varios sectores, uno de ellos se distingue porque su ideolog\u00eda se forj\u00f3 en el t\u00f3xico ambiente de la dictadura de Trujillo. Dos ex diputados de ese r\u00e9gimen fueron figuras se\u00f1eras en los gobiernos del PLD, ambos constituyen la expresi\u00f3n m\u00e1s visible del trujillismo ideol\u00f3gico de ese sector, pero que no tiene expresi\u00f3n pol\u00edtica significativa. Ellos, como sus paniaguados, no son m\u00e1s que est\u00e9ril nostalgia.<\/p>\n\n\n\n<p>En t\u00e9rminos hist\u00f3ricos, 60 a\u00f1os es poco para que desaparezca de la memoria colectiva determinas experiencias pol\u00edticas, m\u00e1xime cuando logran una vigencia de 30 a\u00f1os, como es el caso. Es recurrente el dicho: \u201ctodo dominicano es un trujillito en potencia\u201d, en alusi\u00f3n a nuestra inveterada propensi\u00f3n hacia la intolerancia y el autoritarismo. Pero, ese lastre viene de lejos, lo tenemos desde los tiempos de la colonia y quienes mejor lo han cultivado y cultivan a\u00fan, ha sido una significativa parte del grupo olig\u00e1rquico que advers\u00f3 la dictadura. Ese sector que se opuso y aplast\u00f3 la esperanza de democratizaci\u00f3n sustantiva intentada por Juan Bosch en 1963, constituye la otra cara de la derecha pol\u00edtica, econ\u00f3mica, social y eclesial que todav\u00eda acogota esta sociedad.<\/p>\n\n\n\n<p>Pero, pese a esas derechas, el pa\u00eds ha cambiado sustancialmente en los \u00faltimos 60 a\u00f1os. Sin importar el car\u00e1cter de nuestro an\u00f3malo largo crecimiento econ\u00f3mico, las luchas sociales y pol\u00edticas, los cambios de \u00e9poca, entre otros factores, han determinado un sustancial aumento de la inserci\u00f3n de las mujeres al sistema productivo, las remesas de la di\u00e1spora dominicana jalonan reales signos de movilidad social y cultural, es significativo el consumo de productos y de tiempo libre en vastos sectores anteriormente excluidos. Tambi\u00e9n, la significativa estructura vial del pa\u00eds; el acceso al mercado formal de la vivienda es limitado, pero la calidad de sus evolventes ha mejorado notablemente, tanto en las zonas rurales, periurbanas y urbanas.<\/p>\n\n\n\n<p>Se mantienen inaceptables expresiones de exclusiones sociales, pero estamos entre los primeros pa\u00edses de la regi\u00f3n que expresan apoyo y satisfacci\u00f3n por la democracia. Estudios como, el de Cultura de la Democracia en la Republica Dominicana y La Democracia en Am\u00e9rica Latina, dan cuenta de que somos el pa\u00eds de mayor nivel de participaci\u00f3n de la poblaci\u00f3n en las reuniones de los gobiernos locales y el primero y el de mayor cantidad de organizaciones para la acci\u00f3n comunitaria, las cuales realizan importantes proyectos para mejorar las condiciones de vida de sus localidades. Independientemente de los resultados de esas iniciativas, son signos de cambios que acent\u00faan el gusto por la libertad y la democracia.<\/p>\n\n\n\n<p>Son, por lo tanto, una demostraci\u00f3n de los alcances de la acci\u00f3n de los ajusticiadores de Trujillo, en su momento y la apertura para las luchas pol\u00edticas y sociales del pueblo dominicano, despu\u00e9s. El sedimento que esas acciones han dejado en la conciencia nacional, no puede ser desligadas de la acumulaci\u00f3n de experiencias que han determinado la presente coyuntura pol\u00edtica. Nunca, como ahora, hab\u00eda existido un momento tan favorable para potenciar los tantos cambios que se han producido en la sociedad dominicana, como el presente, ning\u00fan 30 de mayo de las cinco \u00faltimas d\u00e9cadas tuvo la potencialidad para ampliar los espacios democr\u00e1tico en el pa\u00eds.<\/p>\n\n\n\n<p>Ninguno se ha conmemorado en el contexto de acciones contra la corrupci\u00f3n e impunidad como la que lleva a cabo el Ministerio P\u00fablico de romper las estructuras de corrupci\u00f3n creadas en los anteriores gobiernos como fuente de acumulaci\u00f3n originaria de capital a los viejos de derecha, arriba citados y de esa abigarrada mezcla de nuevos y viejos ricos, entre ellos militares, que tienen profundas ra\u00edces en el sistema pol\u00edtico dominicano. El hilo de la maneja tejido por esos grupos, no puede romperse s\u00f3lo por la acci\u00f3n del Ministerio P\u00fablico, sino por el involucramiento de toda la sociedad y el primer lugar TODO el gobierno, no s\u00f3lo de su presidente.<\/p>\n\n\n\n<p>Esa es la cuesti\u00f3n, es una \u00f3ptima oportunidad para que, a partir de estos 60 a\u00f1os del ajusticiamiento del Trujillo, el cambio prevalezca sobre la continuidad. Definitivamente.<\/p>\n\n\n\n<p class=\"has-text-align-right\">C\u00e9sar P\u00e9rez<br><em>Soci\u00f3logo<\/em><\/p>\n","protected":false},"excerpt":{"rendered":"<p>Al pasar abalance sobre algunos eventos que marcan la historia y\/o el devenir de los pueblos, son recurrentes las expresiones de desencanto, decepci\u00f3n y a veces de incertidumbre sobre el porvenir. Pero tambi\u00e9n manifestaciones de esperanza y de valoraciones sustancialmente positivas sobre los resultados de esos eventos. La conmemoraci\u00f3n de los 60 a\u00f1os del ajusticiamiento [&hellip;]<\/p>\n","protected":false},"author":1,"featured_media":0,"comment_status":"open","ping_status":"open","sticky":false,"template":"","format":"standard","meta":{"_bbp_topic_count":0,"_bbp_reply_count":0,"_bbp_total_topic_count":0,"_bbp_total_reply_count":0,"_bbp_voice_count":0,"_bbp_anonymous_reply_count":0,"_bbp_topic_count_hidden":0,"_bbp_reply_count_hidden":0,"_bbp_forum_subforum_count":0,"footnotes":""},"categories":[33],"tags":[],"class_list":{"0":"post-345459","1":"post","2":"type-post","3":"status-publish","4":"format-standard","6":"category-opinion"},"_links":{"self":[{"href":"https:\/\/primermomento.com\/index.php?rest_route=\/wp\/v2\/posts\/345459","targetHints":{"allow":["GET"]}}],"collection":[{"href":"https:\/\/primermomento.com\/index.php?rest_route=\/wp\/v2\/posts"}],"about":[{"href":"https:\/\/primermomento.com\/index.php?rest_route=\/wp\/v2\/types\/post"}],"author":[{"embeddable":true,"href":"https:\/\/primermomento.com\/index.php?rest_route=\/wp\/v2\/users\/1"}],"replies":[{"embeddable":true,"href":"https:\/\/primermomento.com\/index.php?rest_route=%2Fwp%2Fv2%2Fcomments&post=345459"}],"version-history":[{"count":1,"href":"https:\/\/primermomento.com\/index.php?rest_route=\/wp\/v2\/posts\/345459\/revisions"}],"predecessor-version":[{"id":345460,"href":"https:\/\/primermomento.com\/index.php?rest_route=\/wp\/v2\/posts\/345459\/revisions\/345460"}],"wp:attachment":[{"href":"https:\/\/primermomento.com\/index.php?rest_route=%2Fwp%2Fv2%2Fmedia&parent=345459"}],"wp:term":[{"taxonomy":"category","embeddable":true,"href":"https:\/\/primermomento.com\/index.php?rest_route=%2Fwp%2Fv2%2Fcategories&post=345459"},{"taxonomy":"post_tag","embeddable":true,"href":"https:\/\/primermomento.com\/index.php?rest_route=%2Fwp%2Fv2%2Ftags&post=345459"}],"curies":[{"name":"wp","href":"https:\/\/api.w.org\/{rel}","templated":true}]}}