{"id":345473,"date":"2021-06-03T10:27:06","date_gmt":"2021-06-03T14:27:06","guid":{"rendered":"http:\/\/primermomento.com\/?p=345473"},"modified":"2021-06-03T10:27:07","modified_gmt":"2021-06-03T14:27:07","slug":"mescyt-transporta-a-empleados-a-los-centros-de-vacunacion-contra-covid-19","status":"publish","type":"post","link":"https:\/\/primermomento.com\/?p=345473","title":{"rendered":"MESCYT transporta a empleados a los centros de vacunaci\u00f3n contra Covid-19"},"content":{"rendered":"\n<p>SANTO DOMINGO, Rep\u00fablica Dominicana.- El Ministro de Educaci\u00f3n Superior, Ciencia y Tecnolog\u00eda (MESCYT), doctor Franklin Garc\u00eda Ferm\u00edn, dispuso transportar a los centros de vacunaci\u00f3n correspondientes a los servidores del \u00f3rgano regulador de la educaci\u00f3n superior, como parte de la jornada nacional en contra del Covid-19.<\/p>\n\n\n\n<div class=\"wp-block-image\"><figure class=\"aligncenter size-large\"><img loading=\"lazy\" decoding=\"async\" width=\"640\" height=\"480\" src=\"http:\/\/primermomento.com\/wp-content\/uploads\/2017\/06\/mescyt.jpg\" alt=\"\" class=\"wp-image-290928\" srcset=\"https:\/\/primermomento.com\/wp-content\/uploads\/2017\/06\/mescyt.jpg 640w, https:\/\/primermomento.com\/wp-content\/uploads\/2017\/06\/mescyt-300x225.jpg 300w, https:\/\/primermomento.com\/wp-content\/uploads\/2017\/06\/mescyt-120x90.jpg 120w, https:\/\/primermomento.com\/wp-content\/uploads\/2017\/06\/mescyt-500x375.jpg 500w, https:\/\/primermomento.com\/wp-content\/uploads\/2017\/06\/mescyt-280x210.jpg 280w, https:\/\/primermomento.com\/wp-content\/uploads\/2017\/06\/mescyt-638x479.jpg 638w, https:\/\/primermomento.com\/wp-content\/uploads\/2017\/06\/mescyt-118x89.jpg 118w, https:\/\/primermomento.com\/wp-content\/uploads\/2017\/06\/mescyt-479x359.jpg 479w\" sizes=\"auto, (max-width: 640px) 100vw, 640px\" \/><\/figure><\/div>\n\n\n\n<p>Asimismo, el funcionario orden\u00f3 flexibilizar la jornada laboral de los colaboradores del MESCYT, con el prop\u00f3sito de que puedan aprovechar el proceso de inmunizaci\u00f3n que se lleva a cabo actualmente.<\/p>\n\n\n\n<p>Indic\u00f3 que la mayor\u00eda de servidores de la instituci\u00f3n estatal ha sido inmunizada con la primera dosis y una gran parte est\u00e1 en proceso de vacunarse con la segunda vacuna para afrontar la pandemia.<\/p>\n\n\n\n<p>Garc\u00eda Ferm\u00edn destac\u00f3 la importancia que reviste el proceso de inoculaci\u00f3n para que se normalicen las actividades presenciales en las instituciones de educaci\u00f3n superior del pa\u00eds, donde se mantiene operando la virtualidad como elemento alternativo para continuar con las actividades.<\/p>\n","protected":false},"excerpt":{"rendered":"<p>SANTO DOMINGO, Rep\u00fablica Dominicana.- El Ministro de Educaci\u00f3n Superior, Ciencia y Tecnolog\u00eda (MESCYT), doctor Franklin Garc\u00eda Ferm\u00edn, dispuso transportar a los centros de vacunaci\u00f3n correspondientes a los servidores del \u00f3rgano regulador de la educaci\u00f3n superior, como parte de la jornada nacional en contra del Covid-19. Asimismo, el funcionario orden\u00f3 flexibilizar la jornada laboral de los [&hellip;]<\/p>\n","protected":false},"author":1,"featured_media":0,"comment_status":"open","ping_status":"open","sticky":false,"template":"","format":"standard","meta":{"_bbp_topic_count":0,"_bbp_reply_count":0,"_bbp_total_topic_count":0,"_bbp_total_reply_count":0,"_bbp_voice_count":0,"_bbp_anonymous_reply_count":0,"_bbp_topic_count_hidden":0,"_bbp_reply_count_hidden":0,"_bbp_forum_subforum_count":0,"footnotes":""},"categories":[60,38],"tags":[],"class_list":{"0":"post-345473","1":"post","2":"type-post","3":"status-publish","4":"format-standard","6":"category-titulares-del-dia","7":"category-sociedad"},"_links":{"self":[{"href":"https:\/\/primermomento.com\/index.php?rest_route=\/wp\/v2\/posts\/345473","targetHints":{"allow":["GET"]}}],"collection":[{"href":"https:\/\/primermomento.com\/index.php?rest_route=\/wp\/v2\/posts"}],"about":[{"href":"https:\/\/primermomento.com\/index.php?rest_route=\/wp\/v2\/types\/post"}],"author":[{"embeddable":true,"href":"https:\/\/primermomento.com\/index.php?rest_route=\/wp\/v2\/users\/1"}],"replies":[{"embeddable":true,"href":"https:\/\/primermomento.com\/index.php?rest_route=%2Fwp%2Fv2%2Fcomments&post=345473"}],"version-history":[{"count":1,"href":"https:\/\/primermomento.com\/index.php?rest_route=\/wp\/v2\/posts\/345473\/revisions"}],"predecessor-version":[{"id":345474,"href":"https:\/\/primermomento.com\/index.php?rest_route=\/wp\/v2\/posts\/345473\/revisions\/345474"}],"wp:attachment":[{"href":"https:\/\/primermomento.com\/index.php?rest_route=%2Fwp%2Fv2%2Fmedia&parent=345473"}],"wp:term":[{"taxonomy":"category","embeddable":true,"href":"https:\/\/primermomento.com\/index.php?rest_route=%2Fwp%2Fv2%2Fcategories&post=345473"},{"taxonomy":"post_tag","embeddable":true,"href":"https:\/\/primermomento.com\/index.php?rest_route=%2Fwp%2Fv2%2Ftags&post=345473"}],"curies":[{"name":"wp","href":"https:\/\/api.w.org\/{rel}","templated":true}]}}