{"id":345478,"date":"2021-06-03T10:39:50","date_gmt":"2021-06-03T14:39:50","guid":{"rendered":"http:\/\/primermomento.com\/?p=345478"},"modified":"2021-06-03T10:40:25","modified_gmt":"2021-06-03T14:40:25","slug":"cdp-ny-gestiona-en-palacio-nacional-pensiones-para-periodistas-excluidos-por-ippp","status":"publish","type":"post","link":"https:\/\/primermomento.com\/?p=345478","title":{"rendered":"CDP-NY gestiona pensiones para periodistas excluidos por IPPP"},"content":{"rendered":"\n<p>NEW YORK, EEUU.- El secretario general del Colegio Dominicano de Periodistas filial de Nueva York, realiz\u00f3 una visita al Palacio Nacional de Rep\u00fablica Dominicana dentro del plan de vigilia permanente declarado por esa entidad en procura de que se reconsidere la inclusi\u00f3n involuntaria que hizo el Gobierno en base al listado sometido por el presidente del Instituto de Previsi\u00f3n y Protecci\u00f3n del Periodista (IPPP), Olivo De le\u00f3n, quien con su decisi\u00f3n afect\u00f3 a los periodistas de New York y otras seccionales del exterior.<\/p>\n\n\n\n<div class=\"wp-block-image\"><figure class=\"aligncenter size-large\"><img loading=\"lazy\" decoding=\"async\" width=\"634\" height=\"456\" src=\"http:\/\/primermomento.com\/wp-content\/uploads\/2021\/06\/Erasmo-Chalas-en-Palacio-Nacional.jpg\" alt=\"\" class=\"wp-image-345479\" srcset=\"https:\/\/primermomento.com\/wp-content\/uploads\/2021\/06\/Erasmo-Chalas-en-Palacio-Nacional.jpg 634w, https:\/\/primermomento.com\/wp-content\/uploads\/2021\/06\/Erasmo-Chalas-en-Palacio-Nacional-300x216.jpg 300w, https:\/\/primermomento.com\/wp-content\/uploads\/2021\/06\/Erasmo-Chalas-en-Palacio-Nacional-500x360.jpg 500w, https:\/\/primermomento.com\/wp-content\/uploads\/2021\/06\/Erasmo-Chalas-en-Palacio-Nacional-280x201.jpg 280w, https:\/\/primermomento.com\/wp-content\/uploads\/2021\/06\/Erasmo-Chalas-en-Palacio-Nacional-118x85.jpg 118w, https:\/\/primermomento.com\/wp-content\/uploads\/2021\/06\/Erasmo-Chalas-en-Palacio-Nacional-479x345.jpg 479w\" sizes=\"auto, (max-width: 634px) 100vw, 634px\" \/><\/figure><\/div>\n\n\n\n<p>El licenciado Erasmo Chalas Tejeda dijo al regresar a esta ciudad que sostuvo un encuentro con el consultor jur\u00eddico de la Presidencia, doctor Antoniano Peralta Romero, quien fue muy receptivo a sus planteamientos y prometi\u00f3 reunirse con el presidente Luis Abinader para exponerle la situaci\u00f3n por la que atraviesan en Estados Unidos muchos comunicadores, algunos de ellos enfermos y otros en p\u00e9simas condiciones econ\u00f3micas, quienes necesitan de una pensi\u00f3n del Estado dominicano.<\/p>\n\n\n\n<p>Chalas Tejeda entreg\u00f3 el documento elaborado por la seccional del CDP-NY, as\u00ed como una carta del c\u00f3nsul dominicano en New York, ingeniero Eligio J\u00e1quez, en respaldo a las demandas de los comunicadores sociales que ejercen el periodismo en el exterior en defensa del desarrollo y el sistema democr\u00e1tico del pa\u00eds.<\/p>\n\n\n\n<p>El representante de los periodistas dominicanos en Nueva York dijo que tiene la esperanza de que el presidente Luis Abinader le dar\u00e1 respuesta positiva cuando en el mes de septiembre venga a Estados Unidos a la reuni\u00f3n de las Naciones Unidas.<\/p>\n\n\n\n<p>El periodista Erasmo Chalas Tejeda prometi\u00f3 dar seguimiento a sus reclamos para que los periodistas Fernando De Le\u00f3n, Ambiorix Hern\u00e1ndez, Benjam\u00edn Valverde, Dar\u00edo N. Abreu, Tom\u00e1s Sosa, Don Luis Jim\u00e9nez, Miguelades Bonilla, Rafael Pichardo Galarza, Jorge Luis Castillo de la Cruz, Aracelis Carvajal, Marcelino Nivar Corpor\u00e1n, V\u00edctor G\u00f3mez, Ysela Santos, Miguel Angel Mart\u00ednez, Manuel Ruiz, Rafael Tapia, Ana Clementina Payamps, Julio Disla, Marino Luis Chalas Tejeda, Manuel Santana, Rafael Santos, Antonio Espinal, Marcos Bencosme Ure\u00f1a, Luis de los Santos Lugo, Julio C\u00e9sar Malone, Gladys S\u00e1nchez Casado, Carlos Acevedo Machado, Manuel Santana y Roberto Rodr\u00edguez.<\/p>\n\n\n\n<p class=\"has-text-align-right\"><em>Eduardo Mart\u00ednez<\/em><\/p>\n","protected":false},"excerpt":{"rendered":"<p>NEW YORK, EEUU.- El secretario general del Colegio Dominicano de Periodistas filial de Nueva York, realiz\u00f3 una visita al Palacio Nacional de Rep\u00fablica Dominicana dentro del plan de vigilia permanente declarado por esa entidad en procura de que se reconsidere la inclusi\u00f3n involuntaria que hizo el Gobierno en base al listado sometido por el presidente [&hellip;]<\/p>\n","protected":false},"author":1,"featured_media":0,"comment_status":"open","ping_status":"open","sticky":false,"template":"","format":"standard","meta":{"_bbp_topic_count":0,"_bbp_reply_count":0,"_bbp_total_topic_count":0,"_bbp_total_reply_count":0,"_bbp_voice_count":0,"_bbp_anonymous_reply_count":0,"_bbp_topic_count_hidden":0,"_bbp_reply_count_hidden":0,"_bbp_forum_subforum_count":0,"footnotes":""},"categories":[60,32],"tags":[],"class_list":{"0":"post-345478","1":"post","2":"type-post","3":"status-publish","4":"format-standard","6":"category-titulares-del-dia","7":"category-lo-ultimo"},"_links":{"self":[{"href":"https:\/\/primermomento.com\/index.php?rest_route=\/wp\/v2\/posts\/345478","targetHints":{"allow":["GET"]}}],"collection":[{"href":"https:\/\/primermomento.com\/index.php?rest_route=\/wp\/v2\/posts"}],"about":[{"href":"https:\/\/primermomento.com\/index.php?rest_route=\/wp\/v2\/types\/post"}],"author":[{"embeddable":true,"href":"https:\/\/primermomento.com\/index.php?rest_route=\/wp\/v2\/users\/1"}],"replies":[{"embeddable":true,"href":"https:\/\/primermomento.com\/index.php?rest_route=%2Fwp%2Fv2%2Fcomments&post=345478"}],"version-history":[{"count":2,"href":"https:\/\/primermomento.com\/index.php?rest_route=\/wp\/v2\/posts\/345478\/revisions"}],"predecessor-version":[{"id":345481,"href":"https:\/\/primermomento.com\/index.php?rest_route=\/wp\/v2\/posts\/345478\/revisions\/345481"}],"wp:attachment":[{"href":"https:\/\/primermomento.com\/index.php?rest_route=%2Fwp%2Fv2%2Fmedia&parent=345478"}],"wp:term":[{"taxonomy":"category","embeddable":true,"href":"https:\/\/primermomento.com\/index.php?rest_route=%2Fwp%2Fv2%2Fcategories&post=345478"},{"taxonomy":"post_tag","embeddable":true,"href":"https:\/\/primermomento.com\/index.php?rest_route=%2Fwp%2Fv2%2Ftags&post=345478"}],"curies":[{"name":"wp","href":"https:\/\/api.w.org\/{rel}","templated":true}]}}