{"id":345482,"date":"2021-06-03T10:00:00","date_gmt":"2021-06-03T14:00:00","guid":{"rendered":"http:\/\/primermomento.com\/?p=345482"},"modified":"2021-06-03T10:48:29","modified_gmt":"2021-06-03T14:48:29","slug":"valora-presidente-biden-reconozca-inmigrantes-han-enriquecido-y-fortalecido-eua","status":"publish","type":"post","link":"https:\/\/primermomento.com\/?p=345482","title":{"rendered":"Valora presidente Biden reconozca inmigrantes han enriquecido y fortalecido EUA"},"content":{"rendered":"\n<p>NUEVA YORK, EEUU.- El concejal por el Alto Manhattan y coordinador de \u201cLatinos con Eric Adams\u201d en esta ciudad, Ydanis Rodr\u00edguez, valor\u00f3 de muy positivo la reciente proclama del presidente de los Estados Unidos, Joe Biden, reconocimiento que los inmigrantes han enriquecido y fortalecido la naci\u00f3n norteamericana.<\/p>\n\n\n\n<div class=\"wp-block-image\"><figure class=\"aligncenter size-large\"><img loading=\"lazy\" decoding=\"async\" width=\"734\" height=\"313\" src=\"http:\/\/primermomento.com\/wp-content\/uploads\/2021\/06\/Valora-presidente-Biden-reconozca-inmigrantes-han-enriquecido-y-fortalecido-EUA1.jpg\" alt=\"\" class=\"wp-image-345483\" srcset=\"https:\/\/primermomento.com\/wp-content\/uploads\/2021\/06\/Valora-presidente-Biden-reconozca-inmigrantes-han-enriquecido-y-fortalecido-EUA1.jpg 734w, https:\/\/primermomento.com\/wp-content\/uploads\/2021\/06\/Valora-presidente-Biden-reconozca-inmigrantes-han-enriquecido-y-fortalecido-EUA1-300x128.jpg 300w, https:\/\/primermomento.com\/wp-content\/uploads\/2021\/06\/Valora-presidente-Biden-reconozca-inmigrantes-han-enriquecido-y-fortalecido-EUA1-500x213.jpg 500w, https:\/\/primermomento.com\/wp-content\/uploads\/2021\/06\/Valora-presidente-Biden-reconozca-inmigrantes-han-enriquecido-y-fortalecido-EUA1-280x119.jpg 280w, https:\/\/primermomento.com\/wp-content\/uploads\/2021\/06\/Valora-presidente-Biden-reconozca-inmigrantes-han-enriquecido-y-fortalecido-EUA1-638x272.jpg 638w, https:\/\/primermomento.com\/wp-content\/uploads\/2021\/06\/Valora-presidente-Biden-reconozca-inmigrantes-han-enriquecido-y-fortalecido-EUA1-118x50.jpg 118w, https:\/\/primermomento.com\/wp-content\/uploads\/2021\/06\/Valora-presidente-Biden-reconozca-inmigrantes-han-enriquecido-y-fortalecido-EUA1-479x204.jpg 479w\" sizes=\"auto, (max-width: 734px) 100vw, 734px\" \/><\/figure><\/div>\n\n\n\n<p>Al celebrarse el mes de la Herencia Nacional Inmigrante en EE. UU. el mandatario expres\u00f3 \u201ca trav\u00e9s de cada generaci\u00f3n a lo largo de nuestra historia, ola tras ola de inmigrantes han enriquecido nuestra naci\u00f3n, nos han hecho mejores, m\u00e1s fuertes, m\u00e1s innovadores y m\u00e1s pr\u00f3speros\u201d, solicitando al Congreso que apoye su reforma migratoria para regulariza a los 11 millones de indocumentado.<\/p>\n\n\n\n<p>Esos reconocimientos y esfuerzos que est\u00e1 haciendo el mandatario encajan en lo humanitario, proyectar paz, esperanza, y trabajo a favor de decenas de millones de personas, que antes eran calificadas de \u201cendemoniadas\u201d, dijo Rodr\u00edguez<\/p>\n\n\n\n<p>Estados Unidos es la \u00fanica naci\u00f3n que ha sido formada por personas, adem\u00e1s de los nativos ind\u00edgenas, por personas que procedemos de diferentes partes del mundo, y un ejemplo de eso es la Gran Manzana, donde m\u00e1s del 35 % de la poblaci\u00f3n ha nacido en otros pa\u00edses\u201d, dijo.<\/p>\n\n\n\n<p>Apoyamos la iniciativa del presidente Biden y esperamos que nuestros l\u00edderes dem\u00f3cratas le den el respaldo pasando esta reforma en los pr\u00f3ximos meses, porque los inmigrantes hacen importantes contribuciones a la econom\u00eda del pa\u00eds.<\/p>\n\n\n\n<p>Asimismo, Rodr\u00edguez record\u00f3 que el candidato dem\u00f3crata a la alcald\u00eda de NYC, Eric Adams, siempre ha apoyado una reforma migratoria, porque ellos han sido el alma de la Metr\u00f3poli, al contribuir con m\u00e1s de 200 mil millones de d\u00f3lares al a\u00f1o a la econom\u00eda local, constituyen el 45 % de la fuerza laboral, incluyendo la mayor\u00eda de los trabajos de primera l\u00ednea que son esenciales en esta pandemia, \u201csin inmigrantes NYC no funciona y ni prosperar\u00e1\u201d ha dicho Adams.<\/p>\n\n\n\n<p>Agregando \u201cno podemos ser un faro para el mundo y continuar atrayendo el talento global, la energ\u00eda y el esp\u00edritu empresarial que ha permitido que nuestra ciudad prospere durante siglos, si no les damos a los inmigrantes un voto sobre c\u00f3mo se maneja esta ciudad y cu\u00e1les son nuestras prioridades\u201d, ha expresado el candidato a la alcald\u00eda<\/p>\n\n\n\n<p>A\u00f1adiendo \u201cmientras las comunidades de inmigrantes enfrentan desigualdades que han llevado a una muerte y devastaci\u00f3n desiguales en sus comunidades, es nuestra responsabilidad moral y democr\u00e1tica otorgar derechos a los inmigrantes legales y darles la voz que se merecen, porque pagan impuestos\u201d, sentenci\u00f3 Adams.<\/p>\n\n\n\n<p class=\"has-text-align-right\"><em>Ram\u00f3n Mercedes<\/em><br><\/p>\n","protected":false},"excerpt":{"rendered":"<p>NUEVA YORK, EEUU.- El concejal por el Alto Manhattan y coordinador de \u201cLatinos con Eric Adams\u201d en esta ciudad, Ydanis Rodr\u00edguez, valor\u00f3 de muy positivo la reciente proclama del presidente de los Estados Unidos, Joe Biden, reconocimiento que los inmigrantes han enriquecido y fortalecido la naci\u00f3n norteamericana. Al celebrarse el mes de la Herencia Nacional [&hellip;]<\/p>\n","protected":false},"author":1,"featured_media":0,"comment_status":"open","ping_status":"open","sticky":false,"template":"","format":"standard","meta":{"_bbp_topic_count":0,"_bbp_reply_count":0,"_bbp_total_topic_count":0,"_bbp_total_reply_count":0,"_bbp_voice_count":0,"_bbp_anonymous_reply_count":0,"_bbp_topic_count_hidden":0,"_bbp_reply_count_hidden":0,"_bbp_forum_subforum_count":0,"footnotes":""},"categories":[60,31],"tags":[],"class_list":{"0":"post-345482","1":"post","2":"type-post","3":"status-publish","4":"format-standard","6":"category-titulares-del-dia","7":"category-estados-unidos"},"_links":{"self":[{"href":"https:\/\/primermomento.com\/index.php?rest_route=\/wp\/v2\/posts\/345482","targetHints":{"allow":["GET"]}}],"collection":[{"href":"https:\/\/primermomento.com\/index.php?rest_route=\/wp\/v2\/posts"}],"about":[{"href":"https:\/\/primermomento.com\/index.php?rest_route=\/wp\/v2\/types\/post"}],"author":[{"embeddable":true,"href":"https:\/\/primermomento.com\/index.php?rest_route=\/wp\/v2\/users\/1"}],"replies":[{"embeddable":true,"href":"https:\/\/primermomento.com\/index.php?rest_route=%2Fwp%2Fv2%2Fcomments&post=345482"}],"version-history":[{"count":1,"href":"https:\/\/primermomento.com\/index.php?rest_route=\/wp\/v2\/posts\/345482\/revisions"}],"predecessor-version":[{"id":345484,"href":"https:\/\/primermomento.com\/index.php?rest_route=\/wp\/v2\/posts\/345482\/revisions\/345484"}],"wp:attachment":[{"href":"https:\/\/primermomento.com\/index.php?rest_route=%2Fwp%2Fv2%2Fmedia&parent=345482"}],"wp:term":[{"taxonomy":"category","embeddable":true,"href":"https:\/\/primermomento.com\/index.php?rest_route=%2Fwp%2Fv2%2Fcategories&post=345482"},{"taxonomy":"post_tag","embeddable":true,"href":"https:\/\/primermomento.com\/index.php?rest_route=%2Fwp%2Fv2%2Ftags&post=345482"}],"curies":[{"name":"wp","href":"https:\/\/api.w.org\/{rel}","templated":true}]}}