{"id":345485,"date":"2021-06-03T10:51:31","date_gmt":"2021-06-03T14:51:31","guid":{"rendered":"http:\/\/primermomento.com\/?p=345485"},"modified":"2021-06-03T10:51:58","modified_gmt":"2021-06-03T14:51:58","slug":"piden-redoblar-busqueda-de-hombre-que-cerceno-mano-a-octogenario","status":"publish","type":"post","link":"https:\/\/primermomento.com\/?p=345485","title":{"rendered":"Piden redoblar paradero de sujeto que cercen\u00f3 mano a octogenario"},"content":{"rendered":"\n<p>NUEVA YORK, EEUU.- Dominicanos residentes en esta ciudad est\u00e1n solicitando a la Polic\u00eda Nacional de la Rep\u00fablica Dominicana redoblar la persecuci\u00f3n contra el joven Argelis Roque Medina, acusado de agredir gravemente al anciano Eremio P\u00e9rez G\u00f3mez, de 81 a\u00f1os.<\/p>\n\n\n\n<div class=\"wp-block-image\"><figure class=\"aligncenter size-large\"><img loading=\"lazy\" decoding=\"async\" width=\"534\" height=\"251\" src=\"http:\/\/primermomento.com\/wp-content\/uploads\/2021\/06\/Solicitan-PN-redoblar-persecucion-contra-hombre-cerceno-mano-a-padre-periodista....jpg\" alt=\"\" class=\"wp-image-345486\" srcset=\"https:\/\/primermomento.com\/wp-content\/uploads\/2021\/06\/Solicitan-PN-redoblar-persecucion-contra-hombre-cerceno-mano-a-padre-periodista....jpg 534w, https:\/\/primermomento.com\/wp-content\/uploads\/2021\/06\/Solicitan-PN-redoblar-persecucion-contra-hombre-cerceno-mano-a-padre-periodista...-300x141.jpg 300w, https:\/\/primermomento.com\/wp-content\/uploads\/2021\/06\/Solicitan-PN-redoblar-persecucion-contra-hombre-cerceno-mano-a-padre-periodista...-500x235.jpg 500w, https:\/\/primermomento.com\/wp-content\/uploads\/2021\/06\/Solicitan-PN-redoblar-persecucion-contra-hombre-cerceno-mano-a-padre-periodista...-280x132.jpg 280w, https:\/\/primermomento.com\/wp-content\/uploads\/2021\/06\/Solicitan-PN-redoblar-persecucion-contra-hombre-cerceno-mano-a-padre-periodista...-118x55.jpg 118w, https:\/\/primermomento.com\/wp-content\/uploads\/2021\/06\/Solicitan-PN-redoblar-persecucion-contra-hombre-cerceno-mano-a-padre-periodista...-479x225.jpg 479w\" sizes=\"auto, (max-width: 534px) 100vw, 534px\" \/><\/figure><\/div>\n\n\n\n<p>Roque Medina le cort\u00f3 totalmente la mano izquierda a P\u00e9rez G\u00f3mez, provoc\u00f3 da\u00f1os en la derecha, heridas en la cabeza y el costado derecho, tendiendo que ser internado por meses en el hospital, y a ra\u00edz del caso se encuentra pr\u00f3fugo.<\/p>\n\n\n\n<p>El incidente sucedi\u00f3 en diciembre pasado dentro de la residencia del envejeciente, en el sector Las Flores, de Cristo Rey, tras el agresor haber intentado matar a su pareja sentimental, Maura P\u00e9rez Peguero (Maireni), nieta de P\u00e9rez G\u00f3mez, y en eso \u00e9l como abuelo se meti\u00f3 para evitarlo.<\/p>\n\n\n\n<p>La polic\u00eda no ha hecho nada ante la salvaje agresi\u00f3n, y cuando le interesa resolver un caso lo hace en horas o pocos d\u00edas, dicen en un documento los dominicanos Ra\u00fal Torres, Hiciano V\u00e1ldez, Raquel de Rodr\u00edguez, Wilson Madera, Melton Calca\u00f1o, Josefina Ure\u00f1a, Tom\u00e1s Calder\u00f3n, y Agust\u00edn Rosario, entre otros.<\/p>\n\n\n\n<p>Tampoco, como ha dicho la familia de la v\u00edctima, que el Ministerio P\u00fablico y otras instituciones que en un principio se solidarizaron con el caso, mantienen una actitud \u201cpasiva e indiferente\u201d, envi\u00e1ndolo de un lugar a otro y agotando todos los procesos judiciales.<\/p>\n\n\n\n<p>\u201cAs\u00ed no se hace justicia y si no hay justicia nuestra democracia se debilita\u201d, precisan.<\/p>\n\n\n\n<p>Informes familiares sostienen que Roque Medina siempre era una constante amenaza, cada vez que ve\u00eda a su ex pareja sentimental o un familiar cercano de ella \u201cdec\u00eda que lo iba a matar, porque estaba pegado y sal\u00eda de una vez de la c\u00e1rcel\u00bb, recuerdan los quisqueyanos.<\/p>\n\n\n\n<p class=\"has-text-align-right\"><em>Ram\u00f3n Mercedes<\/em><\/p>\n","protected":false},"excerpt":{"rendered":"<p>NUEVA YORK, EEUU.- Dominicanos residentes en esta ciudad est\u00e1n solicitando a la Polic\u00eda Nacional de la Rep\u00fablica Dominicana redoblar la persecuci\u00f3n contra el joven Argelis Roque Medina, acusado de agredir gravemente al anciano Eremio P\u00e9rez G\u00f3mez, de 81 a\u00f1os. Roque Medina le cort\u00f3 totalmente la mano izquierda a P\u00e9rez G\u00f3mez, provoc\u00f3 da\u00f1os en la derecha, [&hellip;]<\/p>\n","protected":false},"author":1,"featured_media":0,"comment_status":"open","ping_status":"open","sticky":false,"template":"","format":"standard","meta":{"_bbp_topic_count":0,"_bbp_reply_count":0,"_bbp_total_topic_count":0,"_bbp_total_reply_count":0,"_bbp_voice_count":0,"_bbp_anonymous_reply_count":0,"_bbp_topic_count_hidden":0,"_bbp_reply_count_hidden":0,"_bbp_forum_subforum_count":0,"footnotes":""},"categories":[30,60],"tags":[],"class_list":{"0":"post-345485","1":"post","2":"type-post","3":"status-publish","4":"format-standard","6":"category-actualidad","7":"category-titulares-del-dia"},"_links":{"self":[{"href":"https:\/\/primermomento.com\/index.php?rest_route=\/wp\/v2\/posts\/345485","targetHints":{"allow":["GET"]}}],"collection":[{"href":"https:\/\/primermomento.com\/index.php?rest_route=\/wp\/v2\/posts"}],"about":[{"href":"https:\/\/primermomento.com\/index.php?rest_route=\/wp\/v2\/types\/post"}],"author":[{"embeddable":true,"href":"https:\/\/primermomento.com\/index.php?rest_route=\/wp\/v2\/users\/1"}],"replies":[{"embeddable":true,"href":"https:\/\/primermomento.com\/index.php?rest_route=%2Fwp%2Fv2%2Fcomments&post=345485"}],"version-history":[{"count":2,"href":"https:\/\/primermomento.com\/index.php?rest_route=\/wp\/v2\/posts\/345485\/revisions"}],"predecessor-version":[{"id":345488,"href":"https:\/\/primermomento.com\/index.php?rest_route=\/wp\/v2\/posts\/345485\/revisions\/345488"}],"wp:attachment":[{"href":"https:\/\/primermomento.com\/index.php?rest_route=%2Fwp%2Fv2%2Fmedia&parent=345485"}],"wp:term":[{"taxonomy":"category","embeddable":true,"href":"https:\/\/primermomento.com\/index.php?rest_route=%2Fwp%2Fv2%2Fcategories&post=345485"},{"taxonomy":"post_tag","embeddable":true,"href":"https:\/\/primermomento.com\/index.php?rest_route=%2Fwp%2Fv2%2Ftags&post=345485"}],"curies":[{"name":"wp","href":"https:\/\/api.w.org\/{rel}","templated":true}]}}