{"id":345509,"date":"2021-06-03T18:07:29","date_gmt":"2021-06-03T22:07:29","guid":{"rendered":"http:\/\/primermomento.com\/?p=345509"},"modified":"2021-06-03T18:08:17","modified_gmt":"2021-06-03T22:08:17","slug":"presidente-abinader-convoca-a-la-vacunacion-contra-la-covid-19","status":"publish","type":"post","link":"https:\/\/primermomento.com\/?p=345509","title":{"rendered":"Presidente Abinader convoca a la vacunaci\u00f3n contra la Covid-19"},"content":{"rendered":"\n<p>WASHINGTON, EEUU.- El presidente de Rep\u00fablica Dominicana, Luis Abinader, convoc\u00f3 hoy a toda la poblaci\u00f3n a vacunarse contra la Covid-19, como medida de impedir la propagaci\u00f3n de la pandemia en el pa\u00eds.<\/p>\n\n\n\n<div class=\"wp-block-image\"><figure class=\"aligncenter size-large\"><img loading=\"lazy\" decoding=\"async\" width=\"600\" height=\"402\" src=\"http:\/\/primermomento.com\/wp-content\/uploads\/2021\/06\/abinader-recibe-la-vacuna.jpg\" alt=\"\" class=\"wp-image-345510\" srcset=\"https:\/\/primermomento.com\/wp-content\/uploads\/2021\/06\/abinader-recibe-la-vacuna.jpg 600w, https:\/\/primermomento.com\/wp-content\/uploads\/2021\/06\/abinader-recibe-la-vacuna-300x201.jpg 300w, https:\/\/primermomento.com\/wp-content\/uploads\/2021\/06\/abinader-recibe-la-vacuna-73x50.jpg 73w, https:\/\/primermomento.com\/wp-content\/uploads\/2021\/06\/abinader-recibe-la-vacuna-500x335.jpg 500w, https:\/\/primermomento.com\/wp-content\/uploads\/2021\/06\/abinader-recibe-la-vacuna-280x188.jpg 280w, https:\/\/primermomento.com\/wp-content\/uploads\/2021\/06\/abinader-recibe-la-vacuna-60x40.jpg 60w, https:\/\/primermomento.com\/wp-content\/uploads\/2021\/06\/abinader-recibe-la-vacuna-118x79.jpg 118w, https:\/\/primermomento.com\/wp-content\/uploads\/2021\/06\/abinader-recibe-la-vacuna-479x321.jpg 479w\" sizes=\"auto, (max-width: 600px) 100vw, 600px\" \/><\/figure><\/div>\n\n\n\n<p>Este jueves se lleva a cabo en esta naci\u00f3n una jornada masiva de inmunizaci\u00f3n comunitaria, fundamentalmente en el Gran Santo Domingo y las provincias de San Crist\u00f3bal, Peravia y Azua, territorios donde la enfermedad hace m\u00e1s estragos en estos tiempos.<\/p>\n\n\n\n<p>&#8216;Hay suficientes vacunas y suficiente log\u00edstica. Lo que hemos visto hasta ahora son masas de personas vacun\u00e1ndose y lo que queremos es no quede un dominicano ni una dominicana sin vacunarse&#8217;, expres\u00f3 el jefe de Estado luego de recorrer tres centros de vacunaci\u00f3n.<\/p>\n\n\n\n<p>En esos lugares el gobernante explic\u00f3 que quienes no puedan acudir el d\u00eda de hoy a inocularse, puede hacerlo viernes, s\u00e1bado o domingo.<\/p>\n\n\n\n<p>Asimismo, se\u00f1al\u00f3 que la aplicaci\u00f3n del f\u00e1rmaco es un acto de salud colectiva pues tambi\u00e9n protegen a su familia y vecinos.<\/p>\n\n\n\n<p>Para la jornada especial de vacunaci\u00f3n comunitaria, considerada de prioridad nacional, se dispuso de 269 nuevos centros con el prop\u00f3sito de alcanzar un mayor n\u00famero de familias, salvar vidas y reducir las complicaciones por infecci\u00f3n del coronavirus SARS-CoV-2, causante de la Covid-19, as\u00ed como las hospitalizaciones.<\/p>\n\n\n\n<p>Hasta ayer, un mill\u00f3n 201 mil 200 personas recibieron en Dominicana con las dos dosis del producto, mientras tres millones 424 mil 187 tienen solo la primera.<\/p>\n\n\n\n<p class=\"has-text-align-right\"><em>PL<\/em><\/p>\n","protected":false},"excerpt":{"rendered":"<p>WASHINGTON, EEUU.- El presidente de Rep\u00fablica Dominicana, Luis Abinader, convoc\u00f3 hoy a toda la poblaci\u00f3n a vacunarse contra la Covid-19, como medida de impedir la propagaci\u00f3n de la pandemia en el pa\u00eds. Este jueves se lleva a cabo en esta naci\u00f3n una jornada masiva de inmunizaci\u00f3n comunitaria, fundamentalmente en el Gran Santo Domingo y las [&hellip;]<\/p>\n","protected":false},"author":1,"featured_media":0,"comment_status":"open","ping_status":"open","sticky":false,"template":"","format":"standard","meta":{"_bbp_topic_count":0,"_bbp_reply_count":0,"_bbp_total_topic_count":0,"_bbp_total_reply_count":0,"_bbp_voice_count":0,"_bbp_anonymous_reply_count":0,"_bbp_topic_count_hidden":0,"_bbp_reply_count_hidden":0,"_bbp_forum_subforum_count":0,"footnotes":""},"categories":[30,60],"tags":[],"class_list":{"0":"post-345509","1":"post","2":"type-post","3":"status-publish","4":"format-standard","6":"category-actualidad","7":"category-titulares-del-dia"},"_links":{"self":[{"href":"https:\/\/primermomento.com\/index.php?rest_route=\/wp\/v2\/posts\/345509","targetHints":{"allow":["GET"]}}],"collection":[{"href":"https:\/\/primermomento.com\/index.php?rest_route=\/wp\/v2\/posts"}],"about":[{"href":"https:\/\/primermomento.com\/index.php?rest_route=\/wp\/v2\/types\/post"}],"author":[{"embeddable":true,"href":"https:\/\/primermomento.com\/index.php?rest_route=\/wp\/v2\/users\/1"}],"replies":[{"embeddable":true,"href":"https:\/\/primermomento.com\/index.php?rest_route=%2Fwp%2Fv2%2Fcomments&post=345509"}],"version-history":[{"count":2,"href":"https:\/\/primermomento.com\/index.php?rest_route=\/wp\/v2\/posts\/345509\/revisions"}],"predecessor-version":[{"id":345512,"href":"https:\/\/primermomento.com\/index.php?rest_route=\/wp\/v2\/posts\/345509\/revisions\/345512"}],"wp:attachment":[{"href":"https:\/\/primermomento.com\/index.php?rest_route=%2Fwp%2Fv2%2Fmedia&parent=345509"}],"wp:term":[{"taxonomy":"category","embeddable":true,"href":"https:\/\/primermomento.com\/index.php?rest_route=%2Fwp%2Fv2%2Fcategories&post=345509"},{"taxonomy":"post_tag","embeddable":true,"href":"https:\/\/primermomento.com\/index.php?rest_route=%2Fwp%2Fv2%2Ftags&post=345509"}],"curies":[{"name":"wp","href":"https:\/\/api.w.org\/{rel}","templated":true}]}}