{"id":345513,"date":"2021-06-04T09:13:27","date_gmt":"2021-06-04T13:13:27","guid":{"rendered":"http:\/\/primermomento.com\/?p=345513"},"modified":"2021-06-04T09:13:27","modified_gmt":"2021-06-04T13:13:27","slug":"consulado-reconocera-a-10-estudiantes-dominicanos-meritorios","status":"publish","type":"post","link":"https:\/\/primermomento.com\/?p=345513","title":{"rendered":"Consulado reconocer\u00e1 a 10 estudiantes dominicanos meritorios"},"content":{"rendered":"\n<p>NUEVA YORK, EEUU.- El Consulado general de la Rep\u00fablica Dominicana en New York y la Asociaci\u00f3n Dom\u00ednico-americana de Supervisores y Administradores del Sistema Escolar (ADASA) realizar\u00e1n este viernes en la noche la entrega \u00a0n\u00famero 27 del \u201cPremio Excelencia Acad\u00e9mica\u201d a \u00a0diez estudiantes dominicanos meritorios en el marco de una cena de gala en el Terrace On The Park del condado de Queens, de esta ciudad de New York.<\/p>\n\n\n\n<div class=\"wp-block-image\"><figure class=\"aligncenter size-large\"><img loading=\"lazy\" decoding=\"async\" width=\"546\" height=\"350\" src=\"http:\/\/primermomento.com\/wp-content\/uploads\/2021\/06\/eligio-jaquez-consul.jpg\" alt=\"\" class=\"wp-image-345514\" srcset=\"https:\/\/primermomento.com\/wp-content\/uploads\/2021\/06\/eligio-jaquez-consul.jpg 546w, https:\/\/primermomento.com\/wp-content\/uploads\/2021\/06\/eligio-jaquez-consul-300x192.jpg 300w, https:\/\/primermomento.com\/wp-content\/uploads\/2021\/06\/eligio-jaquez-consul-500x321.jpg 500w, https:\/\/primermomento.com\/wp-content\/uploads\/2021\/06\/eligio-jaquez-consul-280x179.jpg 280w, https:\/\/primermomento.com\/wp-content\/uploads\/2021\/06\/eligio-jaquez-consul-118x76.jpg 118w, https:\/\/primermomento.com\/wp-content\/uploads\/2021\/06\/eligio-jaquez-consul-479x307.jpg 479w\" sizes=\"auto, (max-width: 546px) 100vw, 546px\" \/><\/figure><\/div>\n\n\n\n<p>El evento tendr\u00e1 como &nbsp;oradores e invitados especiales al honorable C\u00f3nsul de la Rep\u00fablica Dominicana, ingeniero&nbsp;<strong>Eligio J\u00e1quez Cruz<\/strong>&nbsp;y la se\u00f1ora&nbsp;<strong>Meisha Porter,&nbsp;<\/strong>&nbsp;Canciller del departamento de Educaci\u00f3n de la ciudad de Nueva York, mientras que los invitados de honor son Vanessa Macdonna, Administradora de Educaci\u00f3n, Renzo Mart\u00ednez, Principal de Washington Heights Academy, Rafael Lantigua, MD y Luz Liriano, Ap. Heights School of Contemporary Arts. La actividad comienza &nbsp;a las 6:30 P.M. y concluye a las 11:30 de la noche, en Terrace On The Park, ubicado en el 52-11- 111th Street, Queens, N.Y. 11368.<\/p>\n\n\n\n<p>Los estudiantes a&nbsp; reconocer, seg\u00fan informa el departamento de Asuntos Comunitarios del Consulado dominicano, que dirige Ramona Almonte (Mon\u00edn) son: Brianna Mena, Siarah Trinidad, Just\u00edn Mendez, Rainely Oliva, Roger Law Rojas, Jadeiny Cepeda Yaheiry Fern\u00e1ndez, Kimberly Mart\u00ednez, Joel Pe\u00f1a y Lehanel Mena.<\/p>\n\n\n\n<p>El departamento comunitario consular inform\u00f3 que cada estudiante meritorio recibir\u00e1 del Consulado General de la Rep\u00fablica Dominicana&nbsp; una presea, as\u00ed como un aporte econ\u00f3mico de US 2,500.00 d\u00f3lares cada uno como una forma de estimular el esp\u00edritu de superaci\u00f3n de &nbsp;estudiantes dominicanos radicados en los Estados Unidos. Igualmente&nbsp; recibir\u00e1 como premio tambi\u00e9n becas estudiantiles para las mejores universidades de la Uni\u00f3n Americana.<\/p>\n\n\n\n<p>Adem\u00e1s del se\u00f1or C\u00f3nsul dominicano a dicha celebraci\u00f3n asistir\u00e1n el profesor Rafael Santos, director general del Instituto de Formaci\u00f3n T\u00e9cnico-Profesional (Infotep), quien se encuentra de visita en EE.UU., la licenciada Raiza Rodriguez, representante de Pro-Dominicana, el ex embajador Manuel (Manny) F\u00e9lix, Francisco B\u00e1ez, director de Operaciones del Consulado, doctora Francia Vargas, Gavriela Su\u00e1rez, asistente consular y Ramona Almonte, directora del departamento de Asuntos Comunitarios.\u00a0<\/p>\n\n\n\n<p><\/p>\n","protected":false},"excerpt":{"rendered":"<p>NUEVA YORK, EEUU.- El Consulado general de la Rep\u00fablica Dominicana en New York y la Asociaci\u00f3n Dom\u00ednico-americana de Supervisores y Administradores del Sistema Escolar (ADASA) realizar\u00e1n este viernes en la noche la entrega \u00a0n\u00famero 27 del \u201cPremio Excelencia Acad\u00e9mica\u201d a \u00a0diez estudiantes dominicanos meritorios en el marco de una cena de gala en el Terrace [&hellip;]<\/p>\n","protected":false},"author":1,"featured_media":0,"comment_status":"open","ping_status":"open","sticky":false,"template":"","format":"standard","meta":{"_bbp_topic_count":0,"_bbp_reply_count":0,"_bbp_total_topic_count":0,"_bbp_total_reply_count":0,"_bbp_voice_count":0,"_bbp_anonymous_reply_count":0,"_bbp_topic_count_hidden":0,"_bbp_reply_count_hidden":0,"_bbp_forum_subforum_count":0,"footnotes":""},"categories":[40,60],"tags":[],"class_list":{"0":"post-345513","1":"post","2":"type-post","3":"status-publish","4":"format-standard","6":"category-comunidad","7":"category-titulares-del-dia"},"_links":{"self":[{"href":"https:\/\/primermomento.com\/index.php?rest_route=\/wp\/v2\/posts\/345513","targetHints":{"allow":["GET"]}}],"collection":[{"href":"https:\/\/primermomento.com\/index.php?rest_route=\/wp\/v2\/posts"}],"about":[{"href":"https:\/\/primermomento.com\/index.php?rest_route=\/wp\/v2\/types\/post"}],"author":[{"embeddable":true,"href":"https:\/\/primermomento.com\/index.php?rest_route=\/wp\/v2\/users\/1"}],"replies":[{"embeddable":true,"href":"https:\/\/primermomento.com\/index.php?rest_route=%2Fwp%2Fv2%2Fcomments&post=345513"}],"version-history":[{"count":1,"href":"https:\/\/primermomento.com\/index.php?rest_route=\/wp\/v2\/posts\/345513\/revisions"}],"predecessor-version":[{"id":345515,"href":"https:\/\/primermomento.com\/index.php?rest_route=\/wp\/v2\/posts\/345513\/revisions\/345515"}],"wp:attachment":[{"href":"https:\/\/primermomento.com\/index.php?rest_route=%2Fwp%2Fv2%2Fmedia&parent=345513"}],"wp:term":[{"taxonomy":"category","embeddable":true,"href":"https:\/\/primermomento.com\/index.php?rest_route=%2Fwp%2Fv2%2Fcategories&post=345513"},{"taxonomy":"post_tag","embeddable":true,"href":"https:\/\/primermomento.com\/index.php?rest_route=%2Fwp%2Fv2%2Ftags&post=345513"}],"curies":[{"name":"wp","href":"https:\/\/api.w.org\/{rel}","templated":true}]}}