{"id":345517,"date":"2021-06-04T08:14:00","date_gmt":"2021-06-04T12:14:00","guid":{"rendered":"http:\/\/primermomento.com\/?p=345517"},"modified":"2021-06-04T09:17:02","modified_gmt":"2021-06-04T13:17:02","slug":"hispanos-afirman-votaran-por-glennis-gomez-para-concejal-en-distrito-26","status":"publish","type":"post","link":"https:\/\/primermomento.com\/?p=345517","title":{"rendered":"Hispanos afirman votar\u00e1n por Glennis G\u00f3mez para concejal en distrito 26"},"content":{"rendered":"\n<p>NUEVA YORK, EEUU.- Faltando menos de 20 d\u00edas para celebrar las primarias dem\u00f3cratas en esta ciudad, donde ser\u00e1n escogidos oficialmente los candidatos a diferentes posiciones (Alcalde, Presidentes de Borough, Concejales, Jueces, y District Leader, entre otros), la mayor\u00eda de los residentes hispanos del distrito 26 en Queens afirmaron que votar\u00e1n por la dominicana Glennis G\u00f3mez para concejal.<\/p>\n\n\n\n<div class=\"wp-block-image\"><figure class=\"aligncenter size-large\"><img loading=\"lazy\" decoding=\"async\" width=\"621\" height=\"362\" src=\"http:\/\/primermomento.com\/wp-content\/uploads\/2021\/06\/Hispanos-distrito-26-en-Queens-afirman-votaran-por-Glennis-Gomez-para-concejal.jpg\" alt=\"\" class=\"wp-image-345518\" srcset=\"https:\/\/primermomento.com\/wp-content\/uploads\/2021\/06\/Hispanos-distrito-26-en-Queens-afirman-votaran-por-Glennis-Gomez-para-concejal.jpg 621w, https:\/\/primermomento.com\/wp-content\/uploads\/2021\/06\/Hispanos-distrito-26-en-Queens-afirman-votaran-por-Glennis-Gomez-para-concejal-300x175.jpg 300w, https:\/\/primermomento.com\/wp-content\/uploads\/2021\/06\/Hispanos-distrito-26-en-Queens-afirman-votaran-por-Glennis-Gomez-para-concejal-500x291.jpg 500w, https:\/\/primermomento.com\/wp-content\/uploads\/2021\/06\/Hispanos-distrito-26-en-Queens-afirman-votaran-por-Glennis-Gomez-para-concejal-280x163.jpg 280w, https:\/\/primermomento.com\/wp-content\/uploads\/2021\/06\/Hispanos-distrito-26-en-Queens-afirman-votaran-por-Glennis-Gomez-para-concejal-118x69.jpg 118w, https:\/\/primermomento.com\/wp-content\/uploads\/2021\/06\/Hispanos-distrito-26-en-Queens-afirman-votaran-por-Glennis-Gomez-para-concejal-479x279.jpg 479w\" sizes=\"auto, (max-width: 621px) 100vw, 621px\" \/><\/figure><\/div>\n\n\n\n<p>Miembros del \u201cEquipo Los 6\u201d, del cual forma parte este reportero, pregunt\u00f3 a 215 votantes latinos durante los pasados d\u00edas 29, 30 y 31 en los sectores de Sunnyside, Woodside, Long Island City, Astoria, y Dutch Kills que conforman dicho distrito: \u00bfCu\u00e1l es su candidato preferido para el Concejo Municipal?<\/p>\n\n\n\n<p>En los mencionados vecindarios el 35 % de los sufragantes son hispanos, destac\u00e1ndose los dominicanos, mexicanos, ecuatorianos, salvadore\u00f1os, cubanos, y puertorrique\u00f1os, entre otros.<\/p>\n\n\n\n<p>La cantidad de 62 (28.83%) prefiri\u00f3 a G\u00f3mez, mientras que 141 (65.59%) lo hicieron por el resto de los candidatos, son ellos Emely Sharpe, JulioWon, Ebony Young, Frank Aliquo, Amit Bagga, Johathan Bailey, y Lorenzo Brea.<\/p>\n\n\n\n<p>Asimismo, por Julia Forman, Marvin Jeffcoat, Denise Smith, Badrun Khan, Jesse Laymond, Sultan Maruf, y Steven Raga.<\/p>\n\n\n\n<p>Mientras que 12 (5.58%) dijo no saber por qui\u00e9n votar todav\u00eda.&nbsp;G\u00f3mez ha venido proclamando \u201ces hora de devolver la dignidad, unidad y confianza a nuestra comunidad\u201d, especificando que entre sus primeras medidas ser\u00e1 luchar por vivienda asequibles, digna y seguras, porque conoce la situaci\u00f3n y las condiciones son deplorables\u201d.<\/p>\n\n\n\n<p>Tambi\u00e9n propondr\u00eda cerrar los Ch\u00e9ster, pagando 175 d\u00f3lares por persona cada noche, porque ah\u00ed hay una mafia y negocio con el dolor ajeno por parte de la Ciudad, eso hay que reestructurarlo de arriba hacia abajo. Viv\u00ed en carne propia esa situaci\u00f3n porque estuve en uno de ellos, expresa.<br>Agrega, \u201cla educaci\u00f3n es el avance de cualquier ser humano, nuestra educaci\u00f3n no refleja el siglo 21, hay que cambiar el curriculum y el horario.\u00a0\u00a0El sistema educativo tiene que evolucionar,\u00a0discursos que han escalado entre los votantes.<\/p>\n\n\n\n<p class=\"has-text-align-right\"><em>Ram\u00f3n Mercedes<\/em><\/p>\n","protected":false},"excerpt":{"rendered":"<p>NUEVA YORK, EEUU.- Faltando menos de 20 d\u00edas para celebrar las primarias dem\u00f3cratas en esta ciudad, donde ser\u00e1n escogidos oficialmente los candidatos a diferentes posiciones (Alcalde, Presidentes de Borough, Concejales, Jueces, y District Leader, entre otros), la mayor\u00eda de los residentes hispanos del distrito 26 en Queens afirmaron que votar\u00e1n por la dominicana Glennis G\u00f3mez [&hellip;]<\/p>\n","protected":false},"author":1,"featured_media":0,"comment_status":"open","ping_status":"open","sticky":false,"template":"","format":"standard","meta":{"_bbp_topic_count":0,"_bbp_reply_count":0,"_bbp_total_topic_count":0,"_bbp_total_reply_count":0,"_bbp_voice_count":0,"_bbp_anonymous_reply_count":0,"_bbp_topic_count_hidden":0,"_bbp_reply_count_hidden":0,"_bbp_forum_subforum_count":0,"footnotes":""},"categories":[60,31],"tags":[],"class_list":{"0":"post-345517","1":"post","2":"type-post","3":"status-publish","4":"format-standard","6":"category-titulares-del-dia","7":"category-estados-unidos"},"_links":{"self":[{"href":"https:\/\/primermomento.com\/index.php?rest_route=\/wp\/v2\/posts\/345517","targetHints":{"allow":["GET"]}}],"collection":[{"href":"https:\/\/primermomento.com\/index.php?rest_route=\/wp\/v2\/posts"}],"about":[{"href":"https:\/\/primermomento.com\/index.php?rest_route=\/wp\/v2\/types\/post"}],"author":[{"embeddable":true,"href":"https:\/\/primermomento.com\/index.php?rest_route=\/wp\/v2\/users\/1"}],"replies":[{"embeddable":true,"href":"https:\/\/primermomento.com\/index.php?rest_route=%2Fwp%2Fv2%2Fcomments&post=345517"}],"version-history":[{"count":1,"href":"https:\/\/primermomento.com\/index.php?rest_route=\/wp\/v2\/posts\/345517\/revisions"}],"predecessor-version":[{"id":345519,"href":"https:\/\/primermomento.com\/index.php?rest_route=\/wp\/v2\/posts\/345517\/revisions\/345519"}],"wp:attachment":[{"href":"https:\/\/primermomento.com\/index.php?rest_route=%2Fwp%2Fv2%2Fmedia&parent=345517"}],"wp:term":[{"taxonomy":"category","embeddable":true,"href":"https:\/\/primermomento.com\/index.php?rest_route=%2Fwp%2Fv2%2Fcategories&post=345517"},{"taxonomy":"post_tag","embeddable":true,"href":"https:\/\/primermomento.com\/index.php?rest_route=%2Fwp%2Fv2%2Ftags&post=345517"}],"curies":[{"name":"wp","href":"https:\/\/api.w.org\/{rel}","templated":true}]}}