{"id":345520,"date":"2021-06-04T07:17:00","date_gmt":"2021-06-04T11:17:00","guid":{"rendered":"http:\/\/primermomento.com\/?p=345520"},"modified":"2021-06-04T09:19:22","modified_gmt":"2021-06-04T13:19:22","slug":"dominicanos-en-alto-manhattan-deciden-apoyar-a-tali-farhadian-para-fiscal","status":"publish","type":"post","link":"https:\/\/primermomento.com\/?p=345520","title":{"rendered":"Dominicanos en Alto Manhattan deciden apoyar a Tali Farhadian para fiscal"},"content":{"rendered":"\n<p>NUEVA YORK, EEUU.- Dominicanos residentes en los sectores de Washington Heights e Inwood, en el Alto Manhattan, manifestaron apoyar a Tali Farhadian Weinstein para la posici\u00f3n de fiscal del Distrito de Manhattan, porque como abogada siempre ha estado al lado de la comunidad inmigrante.<\/p>\n\n\n\n<div class=\"wp-block-image\"><figure class=\"aligncenter size-large\"><img loading=\"lazy\" decoding=\"async\" width=\"640\" height=\"450\" src=\"http:\/\/primermomento.com\/wp-content\/uploads\/2020\/03\/Ante-indetenible-avance-coronavirus-reitera-orientar-urgentemente-dominicanos.jpg\" alt=\"\" class=\"wp-image-325992\" srcset=\"https:\/\/primermomento.com\/wp-content\/uploads\/2020\/03\/Ante-indetenible-avance-coronavirus-reitera-orientar-urgentemente-dominicanos.jpg 640w, https:\/\/primermomento.com\/wp-content\/uploads\/2020\/03\/Ante-indetenible-avance-coronavirus-reitera-orientar-urgentemente-dominicanos-300x211.jpg 300w, https:\/\/primermomento.com\/wp-content\/uploads\/2020\/03\/Ante-indetenible-avance-coronavirus-reitera-orientar-urgentemente-dominicanos-73x50.jpg 73w, https:\/\/primermomento.com\/wp-content\/uploads\/2020\/03\/Ante-indetenible-avance-coronavirus-reitera-orientar-urgentemente-dominicanos-110x77.jpg 110w, https:\/\/primermomento.com\/wp-content\/uploads\/2020\/03\/Ante-indetenible-avance-coronavirus-reitera-orientar-urgentemente-dominicanos-500x352.jpg 500w, https:\/\/primermomento.com\/wp-content\/uploads\/2020\/03\/Ante-indetenible-avance-coronavirus-reitera-orientar-urgentemente-dominicanos-280x197.jpg 280w, https:\/\/primermomento.com\/wp-content\/uploads\/2020\/03\/Ante-indetenible-avance-coronavirus-reitera-orientar-urgentemente-dominicanos-638x449.jpg 638w, https:\/\/primermomento.com\/wp-content\/uploads\/2020\/03\/Ante-indetenible-avance-coronavirus-reitera-orientar-urgentemente-dominicanos-118x83.jpg 118w, https:\/\/primermomento.com\/wp-content\/uploads\/2020\/03\/Ante-indetenible-avance-coronavirus-reitera-orientar-urgentemente-dominicanos-479x337.jpg 479w\" sizes=\"auto, (max-width: 640px) 100vw, 640px\" \/><\/figure><\/div>\n\n\n\n<p>En un documento de prensa, sostienen \u201cdespu\u00e9s que nuestros congresistas hispanos Adriano Espaillat, Nidia Vel\u00e1zquez y Ritchie Torres, genuinos defensores de los latinos, decidieron apoyarla hemos tomado la decisi\u00f3n de hacer lo mismo, como garant\u00eda del bienestar de los nuestros.<\/p>\n\n\n\n<p>Valoran que entre los objetivos de Tali Farhadian se encuentran mantener a los agentes del Servicio de Inmigraci\u00f3n y Control de Aduanas de EE. UU. (ICE) fuera de los tribunales; defender y proteger los derechos de los ciudadanos, sin importar raza, religi\u00f3n, orientaci\u00f3n sexual o estado migratorio\u00bb.<\/p>\n\n\n\n<p>Asimismo, por promover la justicia con equidad; y por su vasta experiencia en el tren judicial de los Estados Unidos.<\/p>\n\n\n\n<p>Por su posici\u00f3n p\u00fablica de que nuestras comunidades de inmigrantes son constantemente atacadas, sus voces son fundamentales para la conversaci\u00f3n en torno a las reformas de la justicia penal y las protecciones para los m\u00e1s vulnerables de NY, es otro factor para apoyarla, dicen.<\/p>\n\n\n\n<p>Hemos iniciados entre nuestros familiares, amigos y relacionados la tarea de darle a conocer los prop\u00f3sitos de Tali Farhadian, para que se comprometan votar por ella en las primarias dem\u00f3cratas a celebrarse este pr\u00f3ximo 22 de junio.<\/p>\n\n\n\n<p>Entre los firmantes figuran Claudio Soto, Mario Rodr\u00edguez, Ernesto Vel\u00e1zquez, Josefina de Torres, Iluminada Encarnaci\u00f3n, Rigoberto Valenzuela, Martha de Rivera, Emilio Rojas, Miguel del Rosario, Agust\u00edn Liberato, Minerva Alba, V\u00edctor Luna, y Hansel Taveras.<\/p>\n\n\n\n<p>Asimismo, Elvin Calca\u00f1o, Danilo B\u00e1ez, El\u00edas Mej\u00eda, Arthur Hern\u00e1ndez, Elvira Compr\u00e9, Alejandro Contreras, Kelvin Duarte, Manuel Antonio Su\u00e1rez, Altagracia de Pe\u00f1a, Sucre Batista, Cristian del Orbe, Mois\u00e9s de Jes\u00fas, Emilio Brito, B\u00e9lgica Santana, Otto Adames, y Salvador Ortiz, entre otros.<\/p>\n\n\n\n<p class=\"has-text-align-right\"><em>Ram\u00f3n Mercedes<\/em><\/p>\n","protected":false},"excerpt":{"rendered":"<p>NUEVA YORK, EEUU.- Dominicanos residentes en los sectores de Washington Heights e Inwood, en el Alto Manhattan, manifestaron apoyar a Tali Farhadian Weinstein para la posici\u00f3n de fiscal del Distrito de Manhattan, porque como abogada siempre ha estado al lado de la comunidad inmigrante. En un documento de prensa, sostienen \u201cdespu\u00e9s que nuestros congresistas hispanos [&hellip;]<\/p>\n","protected":false},"author":1,"featured_media":0,"comment_status":"open","ping_status":"open","sticky":false,"template":"","format":"standard","meta":{"_bbp_topic_count":0,"_bbp_reply_count":0,"_bbp_total_topic_count":0,"_bbp_total_reply_count":0,"_bbp_voice_count":0,"_bbp_anonymous_reply_count":0,"_bbp_topic_count_hidden":0,"_bbp_reply_count_hidden":0,"_bbp_forum_subforum_count":0,"footnotes":""},"categories":[60,31],"tags":[],"class_list":{"0":"post-345520","1":"post","2":"type-post","3":"status-publish","4":"format-standard","6":"category-titulares-del-dia","7":"category-estados-unidos"},"_links":{"self":[{"href":"https:\/\/primermomento.com\/index.php?rest_route=\/wp\/v2\/posts\/345520","targetHints":{"allow":["GET"]}}],"collection":[{"href":"https:\/\/primermomento.com\/index.php?rest_route=\/wp\/v2\/posts"}],"about":[{"href":"https:\/\/primermomento.com\/index.php?rest_route=\/wp\/v2\/types\/post"}],"author":[{"embeddable":true,"href":"https:\/\/primermomento.com\/index.php?rest_route=\/wp\/v2\/users\/1"}],"replies":[{"embeddable":true,"href":"https:\/\/primermomento.com\/index.php?rest_route=%2Fwp%2Fv2%2Fcomments&post=345520"}],"version-history":[{"count":1,"href":"https:\/\/primermomento.com\/index.php?rest_route=\/wp\/v2\/posts\/345520\/revisions"}],"predecessor-version":[{"id":345521,"href":"https:\/\/primermomento.com\/index.php?rest_route=\/wp\/v2\/posts\/345520\/revisions\/345521"}],"wp:attachment":[{"href":"https:\/\/primermomento.com\/index.php?rest_route=%2Fwp%2Fv2%2Fmedia&parent=345520"}],"wp:term":[{"taxonomy":"category","embeddable":true,"href":"https:\/\/primermomento.com\/index.php?rest_route=%2Fwp%2Fv2%2Fcategories&post=345520"},{"taxonomy":"post_tag","embeddable":true,"href":"https:\/\/primermomento.com\/index.php?rest_route=%2Fwp%2Fv2%2Ftags&post=345520"}],"curies":[{"name":"wp","href":"https:\/\/api.w.org\/{rel}","templated":true}]}}