{"id":345522,"date":"2021-06-04T07:19:00","date_gmt":"2021-06-04T11:19:00","guid":{"rendered":"http:\/\/primermomento.com\/?p=345522"},"modified":"2021-06-04T09:22:03","modified_gmt":"2021-06-04T13:22:03","slug":"valoran-posicion-de-lf-ante-covid-19-elogian-al-pld-y-prsc","status":"publish","type":"post","link":"https:\/\/primermomento.com\/?p=345522","title":{"rendered":"Valoran posici\u00f3n de LF ante Covid-19; elogian al PLD y PRSC"},"content":{"rendered":"\n<p>NUEVA YORK, EEUU.- Integrantes de la Secretar\u00eda de Asuntos Profesionales y Gremiales de la Fuerza del Pueblo (FP) y del movimiento los \u201c300 con Leonel\u201d en esta ciudad valoraron positivamente la reciente posici\u00f3n asumida por el presidente de la entidad, Leonel Fern\u00e1ndez, para contrarrestar el indetenible resurgimiento del virus en el pa\u00eds.<\/p>\n\n\n\n<div class=\"wp-block-image\"><figure class=\"aligncenter size-large\"><img loading=\"lazy\" decoding=\"async\" width=\"621\" height=\"244\" src=\"http:\/\/primermomento.com\/wp-content\/uploads\/2021\/06\/Valoran-posicion-Leonel-Fernandez-ante-Covid-19-en-RD_-elogian-PLD-y-PRSC-hagan-lo-mismo.jpg\" alt=\"\" class=\"wp-image-345523\" srcset=\"https:\/\/primermomento.com\/wp-content\/uploads\/2021\/06\/Valoran-posicion-Leonel-Fernandez-ante-Covid-19-en-RD_-elogian-PLD-y-PRSC-hagan-lo-mismo.jpg 621w, https:\/\/primermomento.com\/wp-content\/uploads\/2021\/06\/Valoran-posicion-Leonel-Fernandez-ante-Covid-19-en-RD_-elogian-PLD-y-PRSC-hagan-lo-mismo-300x118.jpg 300w, https:\/\/primermomento.com\/wp-content\/uploads\/2021\/06\/Valoran-posicion-Leonel-Fernandez-ante-Covid-19-en-RD_-elogian-PLD-y-PRSC-hagan-lo-mismo-500x196.jpg 500w, https:\/\/primermomento.com\/wp-content\/uploads\/2021\/06\/Valoran-posicion-Leonel-Fernandez-ante-Covid-19-en-RD_-elogian-PLD-y-PRSC-hagan-lo-mismo-280x110.jpg 280w, https:\/\/primermomento.com\/wp-content\/uploads\/2021\/06\/Valoran-posicion-Leonel-Fernandez-ante-Covid-19-en-RD_-elogian-PLD-y-PRSC-hagan-lo-mismo-118x46.jpg 118w, https:\/\/primermomento.com\/wp-content\/uploads\/2021\/06\/Valoran-posicion-Leonel-Fernandez-ante-Covid-19-en-RD_-elogian-PLD-y-PRSC-hagan-lo-mismo-479x188.jpg 479w\" sizes=\"auto, (max-width: 621px) 100vw, 621px\" \/><\/figure><\/div>\n\n\n\n<p>Desde que se inici\u00f3 la pandemia en RD la misma ha causado 3,637 fallecimientos y 295,680 contagios hasta el d\u00eda de hoy.<\/p>\n\n\n\n<p>Sostienen que el ex presidente dispuso ampliar el n\u00famero de locales del partido al servicio del proceso de vacunaci\u00f3n a varias provincias m\u00e1s e instruy\u00f3 a sus miembros y dirigentes a nivel nacional trasladar a ciudadanos a los centros de vacunaci\u00f3n, con los recursos propios de la entidad.<\/p>\n\n\n\n<p>Agregando, \u201cdada esta situaci\u00f3n, tenemos que reforzar la atenci\u00f3n al tema, usar las mascarillas, el distanciamiento f\u00edsico, pero al mismo tiempo acelerar el proceso de vacunaci\u00f3n. Eso no puede ser solo una tarea del gobierno, es una tarea de toda la sociedad dominicana y la FP quiere contribuir a eso\u201d, manifest\u00f3 Fern\u00e1ndez.<\/p>\n\n\n\n<p>Entre los m\u00e1s de un centenar de integrantes de la FP y los \u201c300\u201d en la Gran Manzana que rubrican el documento, especifican que esa posici\u00f3n del ex mandatario demuestra su nacionalismo, preocupaci\u00f3n por la salud y bienestar del pueblo dominicano, con el cual se siente comprometido para concluir la obra del profesor Juan Bosch y los padres de la Patria.<\/p>\n\n\n\n<p>Varios d\u00edas despu\u00e9s de la posici\u00f3n asumida por la FP los partidos de la Liberaci\u00f3n Dominicana (PLD) y Reformista Social Cristiano (PRSC) decidieron hacer lo mismo y se sumaron a la jornada de vacunaci\u00f3n para detener la ola de Covid-19, precisan.<\/p>\n\n\n\n<p>Hicieron un llamado a las dem\u00e1s instituciones pol\u00edticas del pa\u00eds, asociaciones, clubes, y organizaciones comunitarias, entre otras, sumarse a la jornada.<\/p>\n\n\n\n<p>Entre los firmantes figuran Geraldo Rosario, Joiner Jim\u00e9nez, Glamaris Morel, Reyna Betancourt, Edwin Paredes, \u00c1ngel Fern\u00e1ndez Victoria Dom\u00ednguez, Nicauly Guzm\u00e1n, Rafael Carvajal, Jos\u00e9 Garc\u00eda, Alejandro N\u00fa\u00f1ez, Belkys Almonte, Yamilet Burgos, y Francisco Carvajal.<\/p>\n\n\n\n<p>Asimismo, Luis Espinal, Mike Quezada, Indira Polanco, Fernando Gonz\u00e1lez, Mike Pereira, Wascarina Cabral, Josefina Marte, \u00c1ngel Blanco, Aneuris S\u00e1nchez, Ramon Vargas, Jaqueline Sierra, Antony del Orbe, Maritza Ch\u00e1vez, Tony Abreu, Francisco Valenzuela y Zoila Aldano, entre otros.<\/p>\n\n\n\n<p class=\"has-text-align-right\"><em>Ram\u00f3n Mercedes<\/em><\/p>\n","protected":false},"excerpt":{"rendered":"<p>NUEVA YORK, EEUU.- Integrantes de la Secretar\u00eda de Asuntos Profesionales y Gremiales de la Fuerza del Pueblo (FP) y del movimiento los \u201c300 con Leonel\u201d en esta ciudad valoraron positivamente la reciente posici\u00f3n asumida por el presidente de la entidad, Leonel Fern\u00e1ndez, para contrarrestar el indetenible resurgimiento del virus en el pa\u00eds. Desde que se [&hellip;]<\/p>\n","protected":false},"author":1,"featured_media":0,"comment_status":"open","ping_status":"open","sticky":false,"template":"","format":"standard","meta":{"_bbp_topic_count":0,"_bbp_reply_count":0,"_bbp_total_topic_count":0,"_bbp_total_reply_count":0,"_bbp_voice_count":0,"_bbp_anonymous_reply_count":0,"_bbp_topic_count_hidden":0,"_bbp_reply_count_hidden":0,"_bbp_forum_subforum_count":0,"footnotes":""},"categories":[60,31],"tags":[],"class_list":{"0":"post-345522","1":"post","2":"type-post","3":"status-publish","4":"format-standard","6":"category-titulares-del-dia","7":"category-estados-unidos"},"_links":{"self":[{"href":"https:\/\/primermomento.com\/index.php?rest_route=\/wp\/v2\/posts\/345522","targetHints":{"allow":["GET"]}}],"collection":[{"href":"https:\/\/primermomento.com\/index.php?rest_route=\/wp\/v2\/posts"}],"about":[{"href":"https:\/\/primermomento.com\/index.php?rest_route=\/wp\/v2\/types\/post"}],"author":[{"embeddable":true,"href":"https:\/\/primermomento.com\/index.php?rest_route=\/wp\/v2\/users\/1"}],"replies":[{"embeddable":true,"href":"https:\/\/primermomento.com\/index.php?rest_route=%2Fwp%2Fv2%2Fcomments&post=345522"}],"version-history":[{"count":1,"href":"https:\/\/primermomento.com\/index.php?rest_route=\/wp\/v2\/posts\/345522\/revisions"}],"predecessor-version":[{"id":345524,"href":"https:\/\/primermomento.com\/index.php?rest_route=\/wp\/v2\/posts\/345522\/revisions\/345524"}],"wp:attachment":[{"href":"https:\/\/primermomento.com\/index.php?rest_route=%2Fwp%2Fv2%2Fmedia&parent=345522"}],"wp:term":[{"taxonomy":"category","embeddable":true,"href":"https:\/\/primermomento.com\/index.php?rest_route=%2Fwp%2Fv2%2Fcategories&post=345522"},{"taxonomy":"post_tag","embeddable":true,"href":"https:\/\/primermomento.com\/index.php?rest_route=%2Fwp%2Fv2%2Ftags&post=345522"}],"curies":[{"name":"wp","href":"https:\/\/api.w.org\/{rel}","templated":true}]}}